{"id":599,"date":"2009-04-22T21:30:00","date_gmt":"2009-04-22T21:30:00","guid":{"rendered":"http:\/\/ricardovicentelopez.com.ar\/?p=599"},"modified":"2015-03-21T15:21:25","modified_gmt":"2015-03-21T15:21:25","slug":"hacia-una-nueva-ley-de-servicios-de-comunicacion-audiovisual-i","status":"publish","type":"post","link":"https:\/\/ricardovicentelopez.com.ar\/?p=599","title":{"rendered":"Hacia una nueva Ley de Servicios de Comunicaci\u00f3n Audiovisual I"},"content":{"rendered":"<p>Me parece necesario sumarme a los ya muchos que han vertido opiniones sobre esta ley que se viene preparando. Y esa necesidad nace de salirle al paso a todos los manejos que se vienen urdiendo para poner la mayor cantidad de trabas posibles a su sanci\u00f3n. Se la comenz\u00f3 denominando la \u201cLey de Cristina\u201d. La decisi\u00f3n de ponerla a debate en foros en toda la extensi\u00f3n de nuestro territorio, de invitar a ese debate a todos los que tengan algo que aportar, disolvi\u00f3 la intenci\u00f3n de convertir la Ley en un capricho de la presidenta al ser su propuesta el resultado de un gran debate nacional. Los medios masivos que sienten que va a afectar sus intereses han optado por el mutismo. \u201cDe eso no se habla\u201d. En los grandes medios concentrados el tema no existe y ello pretende cubrir, con un manto de silencio, la ocasi\u00f3n de darle a nuestro pa\u00eds una ley que garantice la circulaci\u00f3n de la informaci\u00f3n: plural, fidedigna, representativa de los intereses de todos los sectores sociales, culturales, pol\u00edticos, econ\u00f3micos, etc. <br \/>Comenzar a superar la chatura de esos medios que convierten en informaci\u00f3n los datos m\u00e1s bastardos, distorsionados, sesgados, espurios, que logran la operaci\u00f3n alqu\u00edmica de trasmutar en verdad cuanta basura period\u00edstica aparece. La cuesti\u00f3n que hoy se nos plantea consiste en que definamos como comunidad nacional c\u00f3mo se puede transformar todo ello en una \u201ccomunicaci\u00f3n libre y sin distorsiones\u201d. Sin olvidar en las decisiones que se tomen institucionalmente que enfrentamos una etapa del mundo cada vez m\u00e1s globalizada en la que el  dominio de las grandes corporaciones internacionales fabrica opini\u00f3n y consenso y lo venden como verdades incontrovertibles. <br \/>Ello nos impone la obligaci\u00f3n de que nuestras reflexiones tomen distancia de los acontecimientos cotidianos, de esa actualidad que los medios han convertido en un valor en si misma y que no permite una mirada abarcadora de los grandes procesos, dentro de los cuales se inscriben la sucesi\u00f3n de hechos diarios. Salir de esa perspectiva de inmediatez es una condici\u00f3n imprescindible para el logro de una comprensi\u00f3n acabada de un fen\u00f3meno altamente complejo como es la comunicaci\u00f3n moderna.<br \/>El profesor Fidel Munnigh, doctor en filosof\u00eda por la Universidad Carolina de Praga, puede convertirse en un dialogante privilegiado, a trav\u00e9s de sus opiniones, para avanzar en el tema propuesto. Dice: \u00abQuisiera detenerme en esta idea central que cuestiona nuestras aparentes certezas: que lo verdadero y  lo falso en los medios de comunicaci\u00f3n se vuelve hoy imposible de decidir. Se borran las viejas fronteras de verdad y error (o enga\u00f1o). El \u201canything goes\u201d (todo vale) posmoderno penetra todo el \u00e1mbito de la actividad humana toda por la v\u00eda de la comunicaci\u00f3n. Vivimos en la era del simulacro y la hiperrealidad\u00bb. Sobre ello debo agregar que se deber\u00edan distinguir dos aspectos o dimensiones del problema: a.- las consecuencias de una comunicaci\u00f3n altamente tecnologizada y b.- la concentraci\u00f3n de la propiedad de esos medios en pocas manos internacionalizadas.<br \/>Sobre el primer tema dice: \u00abInstalados en la llamada era global, vivimos en un mundo de informaci\u00f3n sobreabundante. La cultura est\u00e1 superpoblada de noticias, de reportajes, de im\u00e1genes. La sociedad digital o sociedad del conocimiento es tambi\u00e9n la sociedad de la informaci\u00f3n. Las noticias van y vienen, invaden nuestra vida cotidiana a tal punto que llegamos a confundir la realidad misma con su representaci\u00f3n mental o visual. Solemos reaccionar a ellas con una actitud casi religiosa, de aceptaci\u00f3n pura y simple. Pero la informaci\u00f3n requiere de una lectura cr\u00edtica. Demanda ser le\u00edda, descifrada, descodificada\u00bb.<\/p>\n","protected":false},"excerpt":{"rendered":"<p>Me parece necesario sumarme a los ya muchos que han vertido opiniones sobre esta ley que se viene preparando. Y esa necesidad nace de salirle al paso a todos los manejos que se vienen urdiendo para poner la mayor cantidad de trabas posibles a su sanci\u00f3n. Se la comenz\u00f3 denominando la \u201cLey de Cristina\u201d. La [&hellip;]<\/p>\n","protected":false},"author":1,"featured_media":0,"comment_status":"open","ping_status":"open","sticky":false,"template":"","format":"standard","meta":{"footnotes":""},"categories":[1],"tags":[],"class_list":["post-599","post","type-post","status-publish","format-standard","hentry","category-sin-categoria"],"_links":{"self":[{"href":"https:\/\/ricardovicentelopez.com.ar\/index.php?rest_route=\/wp\/v2\/posts\/599","targetHints":{"allow":["GET"]}}],"collection":[{"href":"https:\/\/ricardovicentelopez.com.ar\/index.php?rest_route=\/wp\/v2\/posts"}],"about":[{"href":"https:\/\/ricardovicentelopez.com.ar\/index.php?rest_route=\/wp\/v2\/types\/post"}],"author":[{"embeddable":true,"href":"https:\/\/ricardovicentelopez.com.ar\/index.php?rest_route=\/wp\/v2\/users\/1"}],"replies":[{"embeddable":true,"href":"https:\/\/ricardovicentelopez.com.ar\/index.php?rest_route=%2Fwp%2Fv2%2Fcomments&post=599"}],"version-history":[{"count":0,"href":"https:\/\/ricardovicentelopez.com.ar\/index.php?rest_route=\/wp\/v2\/posts\/599\/revisions"}],"wp:attachment":[{"href":"https:\/\/ricardovicentelopez.com.ar\/index.php?rest_route=%2Fwp%2Fv2%2Fmedia&parent=599"}],"wp:term":[{"taxonomy":"category","embeddable":true,"href":"https:\/\/ricardovicentelopez.com.ar\/index.php?rest_route=%2Fwp%2Fv2%2Fcategories&post=599"},{"taxonomy":"post_tag","embeddable":true,"href":"https:\/\/ricardovicentelopez.com.ar\/index.php?rest_route=%2Fwp%2Fv2%2Ftags&post=599"}],"curies":[{"name":"wp","href":"https:\/\/api.w.org\/{rel}","templated":true}]}}