{"id":597,"date":"2009-05-01T19:53:00","date_gmt":"2009-05-01T19:53:00","guid":{"rendered":"http:\/\/ricardovicentelopez.com.ar\/?p=597"},"modified":"2015-03-21T15:21:25","modified_gmt":"2015-03-21T15:21:25","slug":"hacia-una-nueva-ley-de-servicios-de-comunicacion-audiovisual-iii","status":"publish","type":"post","link":"https:\/\/ricardovicentelopez.com.ar\/?p=597","title":{"rendered":"Hacia una nueva Ley de Servicios de Comunicaci\u00f3n Audiovisual III"},"content":{"rendered":"<p>Los responsables de los grandes medios, sus caras visibles, sus periodistas, sus directores, adoptan una actitud purista al sostener que ellos no fabrican la realidad, no hacen m\u00e1s que reflejarla y comunicarla. Dicen no ser culpables de c\u00f3mo es la realidad, no crean ni distorsionan los hechos, tan s\u00f3lo nos informan acerca de ellos. Esta defensa suena tan infantil, tan ingenua, que no es nada f\u00e1cil de acompa\u00f1ar. Sin embargo, por el mismo efecto de la anestesia aplicada, es muy poco lo que se ve como reacci\u00f3n ante todo ello. Creo que no es que nadie advierta lo que se est\u00e1 tramando es que la anestesia produce como efecto residual un escepticismo respecto de lo que podr\u00eda hacerse para impedir, aunque m\u00e1s no sea en parte, algo para cambiar este estado de cosas. Debo aceptar que el proceso que ha logrado instalar en la conciencia colectiva este modo de la verdad, que es la mentira period\u00edstica, ha sido altamente eficaz.<br \/>El profesor Munnigh sostiene: \u00abLos medios no s\u00f3lo muestran: tambi\u00e9n ocultan. No s\u00f3lo ocultan: tambi\u00e9n simulan. En nuestro imaginario, la informaci\u00f3n que recibimos -similar a las im\u00e1genes- posee un efecto de verdad. Como si perteneciera, por derecho propio, a un r\u00e9gimen de verdad y creencia. En este r\u00e9gimen, toda informaci\u00f3n ser\u00eda por s\u00ed misma verdadera, indubitable. Hemos establecido una relaci\u00f3n de identidad entre informaci\u00f3n y objetividad, informaci\u00f3n y verdad. En virtud de esta relaci\u00f3n, toda informaci\u00f3n ser\u00eda un relato de verdad. Nos hemos habituado a aceptar toda noticia, toda informaci\u00f3n, toda imagen del mundo salida de los medios como verdadera, absolutamente cierta, sin criticarla ni cuestionarla a fondo. Incurrimos en la creencia de todo cuanto se nos informa\u00bb. Est\u00e1 haciendo una descripci\u00f3n de los resultados del fen\u00f3meno global de la informaci\u00f3n. Y sigue.<br \/>\u00abLos denominados \u201cintelectuales medi\u00e1ticos\u201d, que suelen confundirse con los informadores p\u00fablicos, son responsables de difundir una forma de la verdad, una opini\u00f3n generalizada y al parecer consensuada. Pretenden ser los detentores naturales del consenso y la opini\u00f3n p\u00fablica. Existe un discurso general, cuasi-oficial, pseudo-leg\u00edtimo, formateado por los poderes medi\u00e1ticos. Esos poderes se hallan, tanto al nivel local como mundial, en manos de grandes corporaciones financieras, de lobbies pol\u00edtico-econ\u00f3micos, de grupos empresariales a los que se vinculan estrechamente grupos editoriales y acad\u00e9micos\u00bb. Nos pone frente al poder concentrado que es el responsable de esa comunicaci\u00f3n masificada.<br \/>\u00abEn el ejercicio de esa forma de la verdad, de ese discurso formateado, se recurre hoy sin ning\u00fan tipo de escr\u00fapulos a todos los recursos del poder (desde el chantaje, el soborno, la intimidaci\u00f3n, la mentira y el enga\u00f1o conscientes, hasta la censura y la autocensura en los medios) para justificar pol\u00edticas hegem\u00f3nicas y guerras de saqueo y despojo en nombre de la \u201cguerra contra el terror\u201d. La guerra de agresi\u00f3n contra Irak es el ejemplo m\u00e1s elocuente\u00bb. Claro que no es el \u00fanico. Alcanza con comprobar c\u00f3mo aparecen ese tipo de verdades y desaparecen con la misma velocidad. La afirmaci\u00f3n de algo puede ser seguida con la afirmaci\u00f3n de lo contrario, muchas veces, casi sin soluci\u00f3n de continuidad. O puede tomarse un breve tiempo como para dejar caer en el olvido lo dicho y as\u00ed poder reemplazarlo.<br \/>Algo de culpa tenemos en todo esto. Me atrevo a decir que sin un poco de complicidad colectiva, de un dejar hacer, una parte de todo esto tal vez hubiera sido evitado. No se me escapa que los logros obtenidos por el sistema inform\u00e1tico fueron el resultado de a\u00f1os de estudio y planificaci\u00f3n y de una tenacidad, digna de mejor causa, en la aplicaci\u00f3n de las medidas necesarias para ese triunfo. Tambi\u00e9n debo aceptar que nada de ello paso repentinamente, que fue un largo proceso de mutaci\u00f3n paulatina. Pero hoy, que empieza a hacerse p\u00fablico por lo menos una parte de todo lo dicho, \u00bfno deber\u00edamos comenzar a levantar nuestras voces de rechazo? \u00bfno deber\u00edamos organizarnos par acordar formas de hacer sentir ese rechazo?<\/p>\n","protected":false},"excerpt":{"rendered":"<p>Los responsables de los grandes medios, sus caras visibles, sus periodistas, sus directores, adoptan una actitud purista al sostener que ellos no fabrican la realidad, no hacen m\u00e1s que reflejarla y comunicarla. Dicen no ser culpables de c\u00f3mo es la realidad, no crean ni distorsionan los hechos, tan s\u00f3lo nos informan acerca de ellos. Esta [&hellip;]<\/p>\n","protected":false},"author":1,"featured_media":0,"comment_status":"open","ping_status":"open","sticky":false,"template":"","format":"standard","meta":{"footnotes":""},"categories":[1],"tags":[],"class_list":["post-597","post","type-post","status-publish","format-standard","hentry","category-sin-categoria"],"_links":{"self":[{"href":"https:\/\/ricardovicentelopez.com.ar\/index.php?rest_route=\/wp\/v2\/posts\/597","targetHints":{"allow":["GET"]}}],"collection":[{"href":"https:\/\/ricardovicentelopez.com.ar\/index.php?rest_route=\/wp\/v2\/posts"}],"about":[{"href":"https:\/\/ricardovicentelopez.com.ar\/index.php?rest_route=\/wp\/v2\/types\/post"}],"author":[{"embeddable":true,"href":"https:\/\/ricardovicentelopez.com.ar\/index.php?rest_route=\/wp\/v2\/users\/1"}],"replies":[{"embeddable":true,"href":"https:\/\/ricardovicentelopez.com.ar\/index.php?rest_route=%2Fwp%2Fv2%2Fcomments&post=597"}],"version-history":[{"count":0,"href":"https:\/\/ricardovicentelopez.com.ar\/index.php?rest_route=\/wp\/v2\/posts\/597\/revisions"}],"wp:attachment":[{"href":"https:\/\/ricardovicentelopez.com.ar\/index.php?rest_route=%2Fwp%2Fv2%2Fmedia&parent=597"}],"wp:term":[{"taxonomy":"category","embeddable":true,"href":"https:\/\/ricardovicentelopez.com.ar\/index.php?rest_route=%2Fwp%2Fv2%2Fcategories&post=597"},{"taxonomy":"post_tag","embeddable":true,"href":"https:\/\/ricardovicentelopez.com.ar\/index.php?rest_route=%2Fwp%2Fv2%2Ftags&post=597"}],"curies":[{"name":"wp","href":"https:\/\/api.w.org\/{rel}","templated":true}]}}