{"id":596,"date":"2009-05-03T16:24:00","date_gmt":"2009-05-03T16:24:00","guid":{"rendered":"http:\/\/ricardovicentelopez.com.ar\/?p=596"},"modified":"2015-03-21T15:21:25","modified_gmt":"2015-03-21T15:21:25","slug":"hacia-una-nueva-ley-de-servicios-de-comunicacion-audiovisual-iv","status":"publish","type":"post","link":"https:\/\/ricardovicentelopez.com.ar\/?p=596","title":{"rendered":"Hacia una nueva Ley de Servicios de Comunicaci\u00f3n Audiovisual IV"},"content":{"rendered":"<p>La resistencia de la que hablo puede asumir una vasta gama de respuestas: desde dejar de comprar aquellos peri\u00f3dicos o revistas que hemos descubierto en mentiras o distorsiones de la verdad, u ocultamientos, o las afirmaciones a medias que encubren la mentira, etc. Creo que hoy esa manera de enfrentar y responder al poder medi\u00e1tico es una exigencia \u00e9tica en la era global. Contin\u00faa nuestro pensador: \u00abEsta resistencia no significa rechazo a los medios masivos de comunicaci\u00f3n. No sugiero que se deba evitarlos o haya que negarse a aparecer en ellos. Por el contrario, hay que procurar estar de alg\u00fan modo presente en los medios; es incluso recomendable crear y mantener cierto \u201cespacio medi\u00e1tico\u201d. Hablo con el ejemplo. Tengo este espacio y me valgo de \u00e9l para llegar a otros. Pero tambi\u00e9n creo necesario dosificar esa presencia. El intelectual no es un monje o puritano, pero tampoco una \u201cvedette\u201d p\u00fablica. Ni exhibicionismo medi\u00e1tico ni puritanismo anti-medi\u00e1tico\u00bb. Es claro que esta invitaci\u00f3n no apunta al gran p\u00fablico masivo, pero s\u00ed involucra a todos aquellos que tenemos la posibilidad, que se convierte hoy en obligaci\u00f3n, de hacer llegar nuestras opiniones y entrar en el debate. <br \/>Por ello sigue diciendo: \u00abEs err\u00f3neo negarse a intervenir en los debates de la contemporaneidad. Lo esencial es desarrollar los medios, ampliarlos, diversificarlos, democratizarlos. M\u00e1s a\u00fan: retarles a asumir una \u201ccomunicaci\u00f3n libre y sin distorsiones\u201d. La tarea pendiente consiste en exigir que los medios asuman su responsabilidad ineludible en una sociedad llamada a ser cada vez m\u00e1s transparente, m\u00e1s democr\u00e1tica y participativa, m\u00e1s justa y libertaria. Comprender la realidad de nuestra \u00e9poca significa comprender tambi\u00e9n la naturaleza de los poderes medi\u00e1ticos. Tal comprensi\u00f3n conduce forzosamente a la cr\u00edtica de esos poderes. Tal vez haga falta una semi\u00f3tica de la comunicaci\u00f3n que ponga \u00e9nfasis tanto en el plano del significante como en el plano del significado. En un entorno sociocultural cada vez m\u00e1s mutante, m\u00e1s interrelacionado, m\u00e1s interdependiente e intercultural, no basta con tener mayor acceso a una informaci\u00f3n libre y no distorsionada; es preciso tambi\u00e9n asimilarla y enjuiciarla cr\u00edticamente reconociendo sus usos, sus contextos, sus intenciones, sus posibles implicaciones ideol\u00f3gicas y pol\u00edticas\u00bb. <br \/>Debo decir, como confesi\u00f3n personal, que me he resistido varios a\u00f1os a asumir la tarea que hace un tiempo realizo para mantener un blog. Ten\u00eda un prejuicio respecto de ellos consider\u00e1ndolos un juego de adolescentes, que en parte lo son, que me dificult\u00f3 la comprensi\u00f3n del papel que hoy juegan en el debate ciudadano frente a la informaci\u00f3n que se trasmite por las v\u00edas concentradas. Tambi\u00e9n me cost\u00f3 comprender que la utilizaci\u00f3n de la tecnolog\u00eda que se utiliza desde el poder pod\u00eda convertirse en un arma con la cual contra-atacar el fuego inform\u00e1tico que recibimos indefensos. La decisi\u00f3n de hacerlo me cost\u00f3 mucho menos de lo que pensaba. Por tal raz\u00f3n insto a todos aquellos que tengan algo para aportar a este debate de ideas intenten aparecer en los medios con sus opiniones, siguiendo los consejos de nuestro profesor: estar sin exagerar, dosificar las presencias pero no evitarlas en los espacios que se nos ofrecen.<br \/>Debemos sumarnos a la tarea pedag\u00f3gica de aprender y ense\u00f1ar a leer con aut\u00e9ntico sentido cr\u00edtico el torrente casi infinito de la informaci\u00f3n masiva, esa que prolifera en nuestro mundo. Aprender y ense\u00f1ar a interpretarla, a descifrarla, a descodificarla. Agregarle lo que se le amputa, corregir lo que se distorsiona, denunciar a quienes lo hacen. Es una parte de los aportes posibles en este tiempo que se est\u00e1 abriendo en el que el debate de la nueva Ley de Servicios de Comunicaci\u00f3n Audiovisual nos invita a la participaci\u00f3n. Debemos convertirnos en los cuidadores de ella en tanto se puede convertir en un camino para democratizar la informaci\u00f3n p\u00fablica. Debemos estar atentos a los debates en el Congreso para denunciar e impedir el manejo politiquero de aquellos personeros de los grandes medios que se sientan en sus bancas.<\/p>\n","protected":false},"excerpt":{"rendered":"<p>La resistencia de la que hablo puede asumir una vasta gama de respuestas: desde dejar de comprar aquellos peri\u00f3dicos o revistas que hemos descubierto en mentiras o distorsiones de la verdad, u ocultamientos, o las afirmaciones a medias que encubren la mentira, etc. Creo que hoy esa manera de enfrentar y responder al poder medi\u00e1tico [&hellip;]<\/p>\n","protected":false},"author":1,"featured_media":0,"comment_status":"open","ping_status":"open","sticky":false,"template":"","format":"standard","meta":{"footnotes":""},"categories":[1],"tags":[],"class_list":["post-596","post","type-post","status-publish","format-standard","hentry","category-sin-categoria"],"_links":{"self":[{"href":"https:\/\/ricardovicentelopez.com.ar\/index.php?rest_route=\/wp\/v2\/posts\/596","targetHints":{"allow":["GET"]}}],"collection":[{"href":"https:\/\/ricardovicentelopez.com.ar\/index.php?rest_route=\/wp\/v2\/posts"}],"about":[{"href":"https:\/\/ricardovicentelopez.com.ar\/index.php?rest_route=\/wp\/v2\/types\/post"}],"author":[{"embeddable":true,"href":"https:\/\/ricardovicentelopez.com.ar\/index.php?rest_route=\/wp\/v2\/users\/1"}],"replies":[{"embeddable":true,"href":"https:\/\/ricardovicentelopez.com.ar\/index.php?rest_route=%2Fwp%2Fv2%2Fcomments&post=596"}],"version-history":[{"count":0,"href":"https:\/\/ricardovicentelopez.com.ar\/index.php?rest_route=\/wp\/v2\/posts\/596\/revisions"}],"wp:attachment":[{"href":"https:\/\/ricardovicentelopez.com.ar\/index.php?rest_route=%2Fwp%2Fv2%2Fmedia&parent=596"}],"wp:term":[{"taxonomy":"category","embeddable":true,"href":"https:\/\/ricardovicentelopez.com.ar\/index.php?rest_route=%2Fwp%2Fv2%2Fcategories&post=596"},{"taxonomy":"post_tag","embeddable":true,"href":"https:\/\/ricardovicentelopez.com.ar\/index.php?rest_route=%2Fwp%2Fv2%2Ftags&post=596"}],"curies":[{"name":"wp","href":"https:\/\/api.w.org\/{rel}","templated":true}]}}