{"id":594,"date":"2009-05-16T21:26:00","date_gmt":"2009-05-16T21:26:00","guid":{"rendered":"http:\/\/ricardovicentelopez.com.ar\/?p=594"},"modified":"2015-03-21T15:21:25","modified_gmt":"2015-03-21T15:21:25","slug":"de-que-modelo-se-habla-i","status":"publish","type":"post","link":"https:\/\/ricardovicentelopez.com.ar\/?p=594","title":{"rendered":"\u00bfDe qu\u00e9 modelo se habla? I"},"content":{"rendered":"<p>Desde los tiempos de la Ilustraci\u00f3n, siglo XVIII, hubo en la escena pol\u00edtica voces que se sintieron convocadas a dar su punto de vista respecto de los acontecimientos de la historia de la que eran parte inescindible. Esta pertenencia que impone responsabilidades, si bien involucra a todos, tiene un peso mayor en aquellos que tienen el don y la posibilidad de expresarse con la palabra meditada. Los siglos siguientes vieron personas provenientes de diversos estratos sociales, con ideolog\u00edas que se enfrentaban en el campo de las ideas, con convicciones dispares, pero a todos ellos los llamaba el clar\u00edn del compromiso social. Si bien representaban los intereses en pugna, y por ello hab\u00eda claramente detr\u00e1s de ellos sectores sociales que estaban corriendo suertes divergentes, la palabra enarbolada portaba razones en defensa de los bandos a los que pertenec\u00edan cada uno. Es decir, eran protagonistas del debate pol\u00edtico y defend\u00eda sus intereses expresados en sus posiciones pol\u00edticas. <br \/>Hoy podemos observar en nuestro tiempo argentino que impera una chatura y una ramploner\u00eda que asusta. Es cierto que todav\u00eda quedan algunas voces intentando que se las escuche, argumentando con mayor seriedad, pero un tsunami medi\u00e1tico las envuelve y las arrastra dentro de ese vendaval. La fuerza con que arrastra todo arrasa con un sonido monocorde que impide advertir las diferencias para o\u00eddos educados por los grandes medios. Si agregamos a ello la impudicia en el uso de la mentira, exhibida en una gama que va desde lo m\u00e1s burdo hasta algunas sutilezas dignas de mejor causa. Es que el \u201cpoderoso caballero, Don Dinero\u201d, del que nos hablaba el poeta encuentra hoy, tras la promocionada ca\u00edda de los grandes ideales, plumas dispuestas a servir con mucho menos pudor que en otros tiempos.<br \/>Quiero decir, con esta introducci\u00f3n, que me siento en la obligaci\u00f3n de poner en esta p\u00e1gina mi opini\u00f3n sobre temas m\u00e1s cotidianos. Me mueve la intenci\u00f3n de acercar al lector alguna claridad, seg\u00fan yo la entienda,  dentro del f\u00e1rrago de datos que se convierten en noticia impulsada por los intereses m\u00e1s mezquinos. Y en este tiempo de clima pre-electoral pareciera que todo es v\u00e1lido tras el intento de captar un voto m\u00e1s para su bando. Como tengo la convicci\u00f3n profunda de no haber hecho demasiado m\u00e9rito para que mi palabra adquiriera valor por s\u00ed misma,  recurrir\u00e9 m\u00e1s de una vez a la cita de aquellos que s\u00ed han merecido ese reconocimiento. <br \/>La serie de notas que ir\u00e9 subiendo a este blog, con el mismo t\u00edtulo, intentar\u00e1n pintar blanco sobre negro, tomando posici\u00f3n en la batalla en la que se dirime mucho m\u00e1s que algunos cargos legislativos: lo que est\u00e1 en juego es el destino futuro inmediato de gran parte de todos nosotros. Sumarme a la l\u00ednea de fuego me coloca ante la posibilidad de las malas interpretaciones, no siempre honestas, pero es un riesgo que se debe asumir cuando lo que est\u00e1 en juego es algo superior al inter\u00e9s individual o sectorial. Y uno de los riesgos es el de pecar de solemnidad como puede ir apareciendo en estas l\u00edneas. Pero creo necesario poner claramente, ante quien me lee, qu\u00e9 es lo que me lleva a pisar la arena pol\u00edtica con el prop\u00f3sito de aportar ideas de esclarecimiento, con compromiso con los que menos tienen, pretendiendo diferenciarme de aquellos muchos que se ir\u00e1n parando a mi lado, vestido con ropas parecidas pero con el \u00fanico fin de obtener alguna recompensa.<br \/>El t\u00edtulo que encabezar\u00e1 estas notas quiere trasmitir la idea de lo que yo creo se pone en juego: el llamado \u201cmodelo\u201d de pa\u00eds que no siempre queda expresado con claridad en los que hacen uso del espacio p\u00fablico. Pareciera que es m\u00e1s importante el filo de la chicana que se lanza, la velocidad e ingenio con que se la responde, que mostrar claramente d\u00f3nde se est\u00e1, con quienes se est\u00e1, y contra quienes se est\u00e1. Prueba de ello, como dije en otra oportunidad, es que en el amplio espectro de las ideas pol\u00edticas hay dos grandes espacios vac\u00edos: la derecha y la izquierda, no importa como se autodenominen. Tenemos en el escenario gente mesurada (salvo algunas tristes excepciones), portadora de una ideolog\u00eda liberal, en el sentido originario del concepto, pintada con diversos matices del gris.<\/p>\n","protected":false},"excerpt":{"rendered":"<p>Desde los tiempos de la Ilustraci\u00f3n, siglo XVIII, hubo en la escena pol\u00edtica voces que se sintieron convocadas a dar su punto de vista respecto de los acontecimientos de la historia de la que eran parte inescindible. Esta pertenencia que impone responsabilidades, si bien involucra a todos, tiene un peso mayor en aquellos que tienen [&hellip;]<\/p>\n","protected":false},"author":1,"featured_media":0,"comment_status":"open","ping_status":"open","sticky":false,"template":"","format":"standard","meta":{"footnotes":""},"categories":[1],"tags":[],"class_list":["post-594","post","type-post","status-publish","format-standard","hentry","category-sin-categoria"],"_links":{"self":[{"href":"https:\/\/ricardovicentelopez.com.ar\/index.php?rest_route=\/wp\/v2\/posts\/594","targetHints":{"allow":["GET"]}}],"collection":[{"href":"https:\/\/ricardovicentelopez.com.ar\/index.php?rest_route=\/wp\/v2\/posts"}],"about":[{"href":"https:\/\/ricardovicentelopez.com.ar\/index.php?rest_route=\/wp\/v2\/types\/post"}],"author":[{"embeddable":true,"href":"https:\/\/ricardovicentelopez.com.ar\/index.php?rest_route=\/wp\/v2\/users\/1"}],"replies":[{"embeddable":true,"href":"https:\/\/ricardovicentelopez.com.ar\/index.php?rest_route=%2Fwp%2Fv2%2Fcomments&post=594"}],"version-history":[{"count":0,"href":"https:\/\/ricardovicentelopez.com.ar\/index.php?rest_route=\/wp\/v2\/posts\/594\/revisions"}],"wp:attachment":[{"href":"https:\/\/ricardovicentelopez.com.ar\/index.php?rest_route=%2Fwp%2Fv2%2Fmedia&parent=594"}],"wp:term":[{"taxonomy":"category","embeddable":true,"href":"https:\/\/ricardovicentelopez.com.ar\/index.php?rest_route=%2Fwp%2Fv2%2Fcategories&post=594"},{"taxonomy":"post_tag","embeddable":true,"href":"https:\/\/ricardovicentelopez.com.ar\/index.php?rest_route=%2Fwp%2Fv2%2Ftags&post=594"}],"curies":[{"name":"wp","href":"https:\/\/api.w.org\/{rel}","templated":true}]}}