{"id":593,"date":"2009-05-20T13:00:00","date_gmt":"2009-05-20T13:00:00","guid":{"rendered":"http:\/\/ricardovicentelopez.com.ar\/?p=593"},"modified":"2015-03-21T15:21:25","modified_gmt":"2015-03-21T15:21:25","slug":"de-que-modelo-se-habla-ii","status":"publish","type":"post","link":"https:\/\/ricardovicentelopez.com.ar\/?p=593","title":{"rendered":"\u00bfDe qu\u00e9 modelo se habla? II"},"content":{"rendered":"<p>Se puede decir que a partir de la Segunda Guerra se produjo un cambio sustancial en la comunicaci\u00f3n de los medios internacionales, adoptada por los locales, de introducir una diferencia entre la noticia objetiva y la palabra editorial. Con la primera se adoptaba la posici\u00f3n de intentar convencer que se publicaba lo que era noticia respetando fielmente la realidad comunicada. Esto ocultaba que la elecci\u00f3n de lo datos, el sesgo de la mirada, la interpretaci\u00f3n del hecho ya conten\u00eda una edici\u00f3n de lo que transmit\u00eda, es decir que se filtrar\u00eda necesariamente el inter\u00e9s, la ideolog\u00eda, los pre-juicios, etc., de quien hablaba. Por el contrario, el espacio editorial era el que fijaba la posici\u00f3n del responsable de la informaci\u00f3n.<br \/>Por tal raz\u00f3n, es muy importante decir con claridad desde d\u00f3nde se piensa y se habla. Es un acto de honestidad que transparenta a quien hace uso de la palabra y permite al receptor saber qui\u00e9n es y que piensa el autor. El peso de la informaci\u00f3n p\u00fablica que ha ganado un espacio muy amplio en la sociedad de masas, inteligentemente manipulado por los medios, muchas veces intimida a quien intenta comunicar sus ideas. Es una especie de presi\u00f3n inhibitoria que no siempre opera claramente en la conciencia del comunicador. Por ello, el saberse en parte v\u00edctima de esta presi\u00f3n obliga a ser lo m\u00e1s claro que se pueda, en medio de un mercado persa de la informaci\u00f3n masiva en el que \u00ablo mismo vale un burro que un gran profesor\u00bb. Pero todo ello requiere de un mayor esfuerzo para abrirse en medio de la espesura del bosque medi\u00e1tico un espacio de claridad, en la medida de las propias fuerzas. <br \/>Am\u00e9rica del Sur viene transitando un camino que se consideraba no posible no tanto tiempo atr\u00e1s. Un despertar de los pueblos sumergidos fue torciendo el rumbo que parec\u00eda inamovible desde la experiencia de las d\u00e9cadas anteriores. La presencia excluyente de lo que se llam\u00f3 el pensamiento \u00fanico no dejaba espacio para la expresi\u00f3n de alternativas posibles. Pareci\u00f3 que el siglo XXI marc\u00f3 un punto de inflexi\u00f3n en la curva y un lento reclamo se fue posicionando en el espacio p\u00fablico y un nuevo ciudadano comenz\u00f3 a hacer o\u00edr su voz.<br \/>Los gobiernos de la regi\u00f3n, cada uno con sus matices, con sus m\u00e1s y sus menos, esto va de acuerdo al juicio de quien observa, fueron abriendo posibilidades a la expresi\u00f3n de tantos reclamos postergados largamente. Se puede decir que, como denominador com\u00fan, cada uno de esos gobiernos viene transitando senderos que van ampliando ciudadan\u00eda, es decir, que posibilitan la expresi\u00f3n de las voces discordantes en sus reclamos. El concepto gobiernos populares, siendo esta denominaci\u00f3n bastante ambigua pero que coloca un paraguas de comprensi\u00f3n, tienden a tener un o\u00eddo m\u00e1s afinado para esos reclamos.<br \/>Si logramos separarnos un poco de los detalles cotidianos, que la agenda de los medios nos impone,  podemos ver en uno de los extremos de ese arco de casos americanos un pa\u00eds como Bolivia en franca recuperaci\u00f3n de los derechos democr\u00e1ticos. El enorme cambio que supone haber sida declarado libre de analfabetismo cuando hace poco el presidente que ten\u00edan hablaba mucho mejor el ingl\u00e9s que el castellano. En el otro extremo del arco un Brasil poderoso que acusa a su presidente de no haber cumplido con todas las promesas cuando ese poder\u00edo est\u00e1 todav\u00eda en manos de los intereses econ\u00f3micos concentrados. Se nos impone distinguir lo posible dentro de lo deseable.<br \/>Nuestra pregunta deber\u00eda apuntar a lo que est\u00e1 debajo de tanta palabrer\u00eda que esconde definiciones respecto del curso de esta \u00faltima historia. Si las d\u00e9cadas anteriores posibilitaron la concentraci\u00f3n de una riqueza ofensiva en pocas manos cu\u00e1les son las respuestas para el logro de una distribuci\u00f3n m\u00e1s equitativa. Y aqu\u00ed se torna imperioso sortear los malabarismos y pirotecnias verbales para no decir aquello que es fundamental. Nuestros agudos periodistas, sobre todo los de los grandes medios no preguntan, ni repreguntan, funcionan como partenaire del entrevistado acept\u00e1ndole el recorrido de un discurso que esquiva lo fundamental: \u00bfSeguimos unidos, con todas las dificultades, a este proceso de crear m\u00e1s ciudadan\u00eda? \u00bfEl camino junto a nuestros pa\u00edses hermanos se va continuar? \u00bfDetr\u00e1s de tanto mentar la democracia, la distribuci\u00f3n de la riqueza es un objetivo prioritario? Tanto batir el parche de la falta de libertad de prensa mientras se dicen las atrocidades m\u00e1s grandes debe dejar de ser un tel\u00f3n que encubra los verdaderos intereses del capital concentrado.<\/p>\n","protected":false},"excerpt":{"rendered":"<p>Se puede decir que a partir de la Segunda Guerra se produjo un cambio sustancial en la comunicaci\u00f3n de los medios internacionales, adoptada por los locales, de introducir una diferencia entre la noticia objetiva y la palabra editorial. Con la primera se adoptaba la posici\u00f3n de intentar convencer que se publicaba lo que era noticia [&hellip;]<\/p>\n","protected":false},"author":1,"featured_media":0,"comment_status":"open","ping_status":"open","sticky":false,"template":"","format":"standard","meta":{"footnotes":""},"categories":[1],"tags":[],"class_list":["post-593","post","type-post","status-publish","format-standard","hentry","category-sin-categoria"],"_links":{"self":[{"href":"https:\/\/ricardovicentelopez.com.ar\/index.php?rest_route=\/wp\/v2\/posts\/593","targetHints":{"allow":["GET"]}}],"collection":[{"href":"https:\/\/ricardovicentelopez.com.ar\/index.php?rest_route=\/wp\/v2\/posts"}],"about":[{"href":"https:\/\/ricardovicentelopez.com.ar\/index.php?rest_route=\/wp\/v2\/types\/post"}],"author":[{"embeddable":true,"href":"https:\/\/ricardovicentelopez.com.ar\/index.php?rest_route=\/wp\/v2\/users\/1"}],"replies":[{"embeddable":true,"href":"https:\/\/ricardovicentelopez.com.ar\/index.php?rest_route=%2Fwp%2Fv2%2Fcomments&post=593"}],"version-history":[{"count":0,"href":"https:\/\/ricardovicentelopez.com.ar\/index.php?rest_route=\/wp\/v2\/posts\/593\/revisions"}],"wp:attachment":[{"href":"https:\/\/ricardovicentelopez.com.ar\/index.php?rest_route=%2Fwp%2Fv2%2Fmedia&parent=593"}],"wp:term":[{"taxonomy":"category","embeddable":true,"href":"https:\/\/ricardovicentelopez.com.ar\/index.php?rest_route=%2Fwp%2Fv2%2Fcategories&post=593"},{"taxonomy":"post_tag","embeddable":true,"href":"https:\/\/ricardovicentelopez.com.ar\/index.php?rest_route=%2Fwp%2Fv2%2Ftags&post=593"}],"curies":[{"name":"wp","href":"https:\/\/api.w.org\/{rel}","templated":true}]}}