{"id":591,"date":"2009-05-27T13:02:00","date_gmt":"2009-05-27T13:02:00","guid":{"rendered":"http:\/\/ricardovicentelopez.com.ar\/?p=591"},"modified":"2015-03-21T15:21:25","modified_gmt":"2015-03-21T15:21:25","slug":"de-que-modelo-se-habla-iv","status":"publish","type":"post","link":"https:\/\/ricardovicentelopez.com.ar\/?p=591","title":{"rendered":"\u00bfDe qu\u00e9 modelo se habla? IV"},"content":{"rendered":"<p>Si aceptamos que la rebeld\u00eda debe ser la actitud ante un mundo injusto, y hab\u00edamos quedado en que esa rebeld\u00eda debe ser guiada por la raz\u00f3n, debemos ahora advertirnos a nosotros mismos sobre el riesgo de que ella no est\u00e9 guiada por el odio, las heridas de nuestra historia, dado que ello nos arrastrar\u00eda hacia una cr\u00edtica destructora. Por tal raz\u00f3n nos se\u00f1ala Fidel Munnigh que: \u00abLa rebeld\u00eda an\u00e1rquica siempre ha atra\u00eddo m\u00e1s por su fuerza de negaci\u00f3n que por su contenido positivo. Parece latir oculta en el fondo mismo de nuestro ser\u2026 se podr\u00eda argumentar que destruir lo creado es m\u00e1s f\u00e1cil que crear. Pero a la aut\u00e9ntica rebeli\u00f3n no la mueve el mero impulso dinamitero, ni el intento de destronar a Dios para colocar en su lugar a un \u00cddolo. La rebeli\u00f3n de hoy impugna esta \u201csociedad de opulencia\u201d, este mundo de propietarios rehabilitado tras el fracaso de las utop\u00edas seculares; impugna sus valores caducos, su respeto sagrado por la propiedad privada, su desmedido af\u00e1n de lucro. Si la revoluci\u00f3n era un destino y una promesa de redenci\u00f3n de los pobres del mundo, la rebeli\u00f3n es un acto libre y tal vez sin ma\u00f1ana del hombre que odia las cadenas y aborrece a los \u00eddolos\u00bb.<br \/>Se puede entrever un dejo de escepticismo que destilan las sabias palabras de este fil\u00f3sofo, pero ello no impide que avancemos en nuestro camino en la b\u00fasqueda de una claridad no f\u00e1cil de lograr, pero no por ello desechable, para pararnos con rasgos de madurez adulta ante los tiempos que se avecinan. En ellos oiremos y veremos tantas cosas que ser\u00eda un buen ejercicio guardarlas para cotejarlas para el tiempo que se abre despu\u00e9s del 28 de Junio. Volvamos a nuestro fil\u00f3sofo. Nos se\u00f1ala las consecuencias de la rebeld\u00eda an\u00e1rquica, la que  dispara al bulto sin mirar las consecuencias. De esta actitud tenemos en el mercado pol\u00edtico unos cuantos francotiradores apostados, algunos de ellos pueden usar la munici\u00f3n m\u00e1s destructora sin reparar en da\u00f1os. Otros son m\u00e1s sutiles, pero no tanto, como el consabido Mariano Grondona que puede incitar al golpe de estado con aires de fil\u00f3sofo distra\u00eddo ante la pregunta ir\u00f3nica de uno de los \u201ccuatro jinetes del Apocalipsis\u201d. Otro de los \u201cjinetes\u201d afirm\u00f3, sin bajarse del caballo medi\u00e1tico que le ofrecieron durante meses los medios c\u00f3mplices, que la tarea fundamental de ellos era el \u201cdesgaste del gobierno\u201d. Aqu\u00ed hay que precaverse del lazo con que intentaron \u201cenlazarnos\u201d esos enlazadores.<br \/>El fil\u00f3sofo Rub\u00e9n Dri, profesor de la UBA, sostuvo lo siguiente: \u00abel conocido amante de los golpes Mariano Grondona y el patr\u00f3n sojero Hugo Biolcati se divert\u00edan en la televisi\u00f3n jugando a las adivinanzas sobre el momento en que se producir\u00eda el golpe destituyente. El candidato propuesto, que por otra parte ya tiene el gabinete en la sombra, es Julio Cobos. La manera sobradora en la que se expresaron ambos protagonistas es una clara manifestaci\u00f3n de la seguridad con la que camina el movimiento golpista (o \u201cdestituyente\u201d para no herir o\u00eddos delicados)\u00bb. Este an\u00e1lisis entra sin tapujos a desmontar la maniobra que se est\u00e1 tejiendo entre viejos conocidos, participantes ellos de los golpes militares, tomando posici\u00f3n frente a este tiempo de decisiones. No debe sorprendernos, entonces, que hable de golpismo aunque \u00e9ste hoy apele a otras armas, cuando las de fuego se mantienen guardadas en los cuarteles por la imposibilidad de ser usadas ante un pueblo que ya no se enga\u00f1a con este tipo de recurso.<br \/>Las armas de hoy son las palabras insidiosas, la mentira artera y desvergonzada, la manipulaci\u00f3n de la informaci\u00f3n, la parodia burda, etc., para lo cual todo el escenario p\u00fablico est\u00e1 disponible para el uso perverso de la libertad de prensa. Aparece nuevamente la importancia de la rebeld\u00eda razonada y madura, anal\u00edtica y cr\u00edtica, que no se deja atrapar en esas redes.<\/p>\n","protected":false},"excerpt":{"rendered":"<p>Si aceptamos que la rebeld\u00eda debe ser la actitud ante un mundo injusto, y hab\u00edamos quedado en que esa rebeld\u00eda debe ser guiada por la raz\u00f3n, debemos ahora advertirnos a nosotros mismos sobre el riesgo de que ella no est\u00e9 guiada por el odio, las heridas de nuestra historia, dado que ello nos arrastrar\u00eda hacia [&hellip;]<\/p>\n","protected":false},"author":1,"featured_media":0,"comment_status":"open","ping_status":"open","sticky":false,"template":"","format":"standard","meta":{"footnotes":""},"categories":[1],"tags":[],"class_list":["post-591","post","type-post","status-publish","format-standard","hentry","category-sin-categoria"],"_links":{"self":[{"href":"https:\/\/ricardovicentelopez.com.ar\/index.php?rest_route=\/wp\/v2\/posts\/591","targetHints":{"allow":["GET"]}}],"collection":[{"href":"https:\/\/ricardovicentelopez.com.ar\/index.php?rest_route=\/wp\/v2\/posts"}],"about":[{"href":"https:\/\/ricardovicentelopez.com.ar\/index.php?rest_route=\/wp\/v2\/types\/post"}],"author":[{"embeddable":true,"href":"https:\/\/ricardovicentelopez.com.ar\/index.php?rest_route=\/wp\/v2\/users\/1"}],"replies":[{"embeddable":true,"href":"https:\/\/ricardovicentelopez.com.ar\/index.php?rest_route=%2Fwp%2Fv2%2Fcomments&post=591"}],"version-history":[{"count":0,"href":"https:\/\/ricardovicentelopez.com.ar\/index.php?rest_route=\/wp\/v2\/posts\/591\/revisions"}],"wp:attachment":[{"href":"https:\/\/ricardovicentelopez.com.ar\/index.php?rest_route=%2Fwp%2Fv2%2Fmedia&parent=591"}],"wp:term":[{"taxonomy":"category","embeddable":true,"href":"https:\/\/ricardovicentelopez.com.ar\/index.php?rest_route=%2Fwp%2Fv2%2Fcategories&post=591"},{"taxonomy":"post_tag","embeddable":true,"href":"https:\/\/ricardovicentelopez.com.ar\/index.php?rest_route=%2Fwp%2Fv2%2Ftags&post=591"}],"curies":[{"name":"wp","href":"https:\/\/api.w.org\/{rel}","templated":true}]}}