{"id":589,"date":"2009-06-06T19:46:00","date_gmt":"2009-06-06T19:46:00","guid":{"rendered":"http:\/\/ricardovicentelopez.com.ar\/?p=589"},"modified":"2015-03-21T15:21:25","modified_gmt":"2015-03-21T15:21:25","slug":"de-que-modelo-se-habla-vi","status":"publish","type":"post","link":"https:\/\/ricardovicentelopez.com.ar\/?p=589","title":{"rendered":"\u00bfDe qu\u00e9 modelo se habla? VI"},"content":{"rendered":"<p>\u00c9ramos pocos y\u2026 apareci\u00f3 Francisco De Narv\u00e1ez, aunque en realidad no apareci\u00f3, s\u00f3lo dio un paso hacia el centro de la escena pol\u00edtica. Ya lo conoc\u00edamos de cuando compr\u00f3 en un remate objetos pertenecientes al general Per\u00f3n pagando una fortuna por ellos (fortuna para cualquier ciudadano de a pie, no para \u00e9l). A diferencia del ingeniero Macri este otro no ha recibido una educaci\u00f3n universitaria en una instituci\u00f3n de primera l\u00ednea. Como lo confiesa con cierto orgullo: \u00abno termin\u00e9 mi secundario, porque no me gustaba estudiar, por ello me fui a trabajar a la empresa de mi padre\u00bb. Podr\u00edamos aceptar que en los tiempos que corren no estudiar no es un dem\u00e9rito, por el contrario, puede llegar a ser una ventaja. Con mirar el panorama de los \u201cexitosos\u201d, o\u00edrlos hablar alcanza para saber la formaci\u00f3n de la que hacen gala. As\u00ed como Tinelli abundan los exitosos que alcanzan esa calificaci\u00f3n ostentando su escaso pulimento.<br \/>Pero, el problema que se va presentando es que empiezan a aparecer ciertos indicios, de los cuales los grandes medios asociados en la pol\u00edtica a este candidato no dicen palabra, de estar implicado en una relaci\u00f3n no del todo develada con el \u201crey de la efedrina\u201d, con quien se comunic\u00f3 a trav\u00e9s de uno de sus \u201cmil cien celulares\u201d (como lo oye). Parece ser que justo el aparato con el n\u00famero del cual salieron las tres comunicaciones no se puede encontrar. Seg\u00fan De Narv\u00e1ez estaba en mano de uno de sus empleados. Hasta all\u00ed podr\u00eda aceptarse que hay una maniobra pol\u00edtica, como el mismo lo dio a entender, para perjudicarlo en la campa\u00f1a. Sin embargo, en los medios tribunalicios se dice que si alguien es culpable o inocente se sabe por el abogado que lo defiende. Cuando se apela a un maestro del \u201cembrolle\u201d como lo es el Dr. Mariano C\u00faneo Libarona, abogado de las empresas de de Narv\u00e1ez, algo est\u00e1 diciendo, seg\u00fan la experiencia y los comentarios de los pasillos del Palacio de Justicia.<br \/>La maniobra de este conocido tramoyista consisti\u00f3 en una acusaci\u00f3n contra el juez de la causa (o sea contra el Gobierno en \u00faltima instancia) de estar intentando perjudicar su campa\u00f1a. La situaci\u00f3n es extremadamente delicada puesto que no consigue despegarse del problema de las llamadas de las que se tuvo conocimiento en la investigaci\u00f3n sobre el tema de la efedrina. En una dualidad discursiva se defiende acusando al gobierno pero le dice a su frente interno \u00abque el tema no es importante ya que al Gobierno ya no le cree nadie\u00bb.<br \/>Todo este mundo de dimes y diretes podr\u00eda pasar a un tercer plano si la conducta anterior del Sr. Empresario no dejara lugar a la sospecha. Pero alguien que exhibe un gasto de campa\u00f1a, muy anterior en su comienzo a lo que la Ley electoral permite, y que no dice su monto y menos su origen, deja mucho para pensar. Volviendo al tema central de estas reflexiones podemos decir que la certeza de que la publicitaci\u00f3n de su imagen no est\u00e1 fuera de lo que estipula la ley, como fecha para el comienzo de las campa\u00f1as, lo aclar\u00f3 el juez competente al decir que en sus presentaciones no aparece solicitando que se lo vote. Equivale a decir se est\u00e1 \u201cvendiendo\u201d como una mercanc\u00eda y ante ello la justicia no puede oponerse.<br \/>Entonces, no se trata de un dirigente pol\u00edtico sino de una persona que se ofrece en el mercado como portador de soluciones para los problemas de la gente: una especie de Mr. M\u00fasculo de la pol\u00edtica. \u00bfQu\u00e9 es lo que avala que sus servicios ser\u00e1n eficaces? No se sabe, hay que creer en su capacidad para hacerlo. \u00bfD\u00f3nde demostr\u00f3 sus capacidades? S\u00f3lo en sus empresas ganando mucho dinero. Se postula para diputado por lo que podr\u00edamos hallar en el ejercicio actual de su banca el resultado de sus participaciones. Al igual que el ingeniero Macri ha ido a pocas sesiones y sus participaciones han sido para proponer que se fijen d\u00edas para distintos productos del campo (ternero, forrajes, etc.) Preguntado por qu\u00e9 no propuso cosa m\u00e1s sustanciosas respondi\u00f3 que como la mayor\u00eda la tiene el oficialismo no se las iban a aprobar. La misma respuesta que dio Macri respecto a su nula presencia en la c\u00e1mara de la Ciudad Aut\u00f3noma cuando fue elegido diputado.<\/p>\n","protected":false},"excerpt":{"rendered":"<p>\u00c9ramos pocos y\u2026 apareci\u00f3 Francisco De Narv\u00e1ez, aunque en realidad no apareci\u00f3, s\u00f3lo dio un paso hacia el centro de la escena pol\u00edtica. Ya lo conoc\u00edamos de cuando compr\u00f3 en un remate objetos pertenecientes al general Per\u00f3n pagando una fortuna por ellos (fortuna para cualquier ciudadano de a pie, no para \u00e9l). A diferencia del [&hellip;]<\/p>\n","protected":false},"author":1,"featured_media":0,"comment_status":"open","ping_status":"open","sticky":false,"template":"","format":"standard","meta":{"footnotes":""},"categories":[1],"tags":[],"class_list":["post-589","post","type-post","status-publish","format-standard","hentry","category-sin-categoria"],"_links":{"self":[{"href":"https:\/\/ricardovicentelopez.com.ar\/index.php?rest_route=\/wp\/v2\/posts\/589","targetHints":{"allow":["GET"]}}],"collection":[{"href":"https:\/\/ricardovicentelopez.com.ar\/index.php?rest_route=\/wp\/v2\/posts"}],"about":[{"href":"https:\/\/ricardovicentelopez.com.ar\/index.php?rest_route=\/wp\/v2\/types\/post"}],"author":[{"embeddable":true,"href":"https:\/\/ricardovicentelopez.com.ar\/index.php?rest_route=\/wp\/v2\/users\/1"}],"replies":[{"embeddable":true,"href":"https:\/\/ricardovicentelopez.com.ar\/index.php?rest_route=%2Fwp%2Fv2%2Fcomments&post=589"}],"version-history":[{"count":0,"href":"https:\/\/ricardovicentelopez.com.ar\/index.php?rest_route=\/wp\/v2\/posts\/589\/revisions"}],"wp:attachment":[{"href":"https:\/\/ricardovicentelopez.com.ar\/index.php?rest_route=%2Fwp%2Fv2%2Fmedia&parent=589"}],"wp:term":[{"taxonomy":"category","embeddable":true,"href":"https:\/\/ricardovicentelopez.com.ar\/index.php?rest_route=%2Fwp%2Fv2%2Fcategories&post=589"},{"taxonomy":"post_tag","embeddable":true,"href":"https:\/\/ricardovicentelopez.com.ar\/index.php?rest_route=%2Fwp%2Fv2%2Ftags&post=589"}],"curies":[{"name":"wp","href":"https:\/\/api.w.org\/{rel}","templated":true}]}}