{"id":588,"date":"2009-06-11T13:09:00","date_gmt":"2009-06-11T13:09:00","guid":{"rendered":"http:\/\/ricardovicentelopez.com.ar\/?p=588"},"modified":"2015-03-21T15:21:25","modified_gmt":"2015-03-21T15:21:25","slug":"de-que-modelo-se-habla-vii","status":"publish","type":"post","link":"https:\/\/ricardovicentelopez.com.ar\/?p=588","title":{"rendered":"\u00bfDe qu\u00e9 modelo se habla? VII"},"content":{"rendered":"<p>Lo que he venido diciendo no debe entenderse en el sentido proselitista de que tenemos el mejor gobierno posible. Estamos muy lejos de ello. Pero, tambi\u00e9n quiero decir, que me aterra la posibilidad de que una oposici\u00f3n chata y ramplona que hace de su oficio el exclusivo ejercicio de oponerse, adquiera m\u00e1s poder. Un funcionario del Confer coment\u00f3 entre allegados que en uno de los foros, respecto de la nueva ley de radiodifusi\u00f3n, dirigentes de la oposici\u00f3n le dijeron en un aparte que ellos estaban de acuerdo con lo que propon\u00eda pero que votar\u00edan en contra para no d\u00e1rsela a \u201clos Kirchner\u201d. <br \/>En un medio importante como es Le monde diplomatique su director para el cono sur, Carlos Gabetta nada oficialista afirmaba: \u00abSi el gobierno puede acusar con cierto fundamento a la mediocre, anacr\u00f3nica derecha opositora y a sus medios de comunicaci\u00f3n de hacer una pol\u00edtica \u201cdestituyente\u201d es porque, en efecto, el sistema sigue siendo muy fr\u00e1gil. En el caso de una \u201cdestituci\u00f3n\u201d, el sector que pasar\u00eda a gobernar no gozar\u00eda de estabilidad\u00bb. Aparecen entonces dos conceptos: \u201cpol\u00edtica destituyente\u201d y \u201cla mediocre, anacr\u00f3nica derecha opositora\u201d. Ve\u00e1moslos primero la \u201coposici\u00f3n\u201d. <br \/>La condici\u00f3n de \u201coposici\u00f3n\u201d est\u00e1 en directa relaci\u00f3n con el criterio de democracia que se tenga. Una personalidad acad\u00e9mica indiscutida como Giovanni Sartori en su escrito \u00bfQu\u00e9 es la democracia?, sostiene \u00abdefinir la democracia es importante porque establece que cosa esperamos de ella\u00bb. Lo que podemos observar, como ya vimos, es la pobre y lineal definici\u00f3n \u00abuna persona un voto\u00bb restringe el concepto a una visi\u00f3n meramente instrumental que se juega s\u00f3lo en el d\u00eda del comicio. Es decir, la ciudadan\u00eda puede optar entre las ofertas que nos muestran las listas y definir por qui\u00e9nes se inclina. Terminado el recuento se vuelve a su casa a mirar por televisi\u00f3n la consecuencia de ese acto colectivo. Tenemos una variaci\u00f3n a esta propuesta. Es la que ofrece De Narv\u00e1ez confiar en que \u00e9l sabe y puede, por ello lo llam\u00e9 Mr. M\u00fasculo, hay que creer en sus potencialidades aunque nunca las haya demostrado. En este caso es un simple acto de fe, casi se podr\u00eda decir que es una versi\u00f3n pol\u00edtica de los \u201cpastores electr\u00f3nicos\u201d.<br \/>La pluma de Gabetta sigue: \u00abLa sociedad argentina se acerca a un punto de inflexi\u00f3n: deber\u00e1 cuajar un proyecto s\u00f3lido \u2013econ\u00f3mico, pol\u00edtico, social, cultural, institucional- o desbarrancarse. Arrancar hacia un futuro o resignarse a un per\u00edodo de caos y decadencia\u00bb. Creo que es esto lo que est\u00e1 en juego. Ante ello se puede pecar de preciosismo y exigir que aparezcan los mejores hombres y mujeres que puedan encarnar este proyecto y llevarlo a la pr\u00e1ctica. Pero ac\u00e1 se incuba un pecado de ingenuidad. Esos mejores hombres y mujeres deber\u00edan emerger de nuestra sociedad y ella no muestra las mejores condiciones para formar personas de esa calidad \u00e9tica ni se muestra muy proclive a elegirlas (como lo demuestra, en parte, el rating de Tinelli o la programaci\u00f3n de la TV toda, o la calidad de los medios de comunicaci\u00f3n). <br \/>Somos parte integrante del problema y como tal es muy dif\u00edcil que de all\u00ed surja la soluci\u00f3n. Esto puede sonar muy pesimista pero creo que es as\u00ed. Me refiero a que estamos en una etapa en que muchos pensaron \u201cque se vayan todos\u201d y luego volvieron a elegir entre los mismos. Es que no hab\u00eda otra posibilidad, una camada de dirigentes de mayor calidad no se forma en meses, requiere una largo esfuerzo colectivo, una apuesta solidaria hacia un mundo mejor, una participaci\u00f3n colectiva que se involucre en el quehacer social, pol\u00edtico, cultural, etc., que vaya desarrollando desde abajo nuevas formas de participaci\u00f3n y representaci\u00f3n. Dentro de esa pr\u00e1ctica se ir\u00e1n forjando las mejores personas que puedan \u201ccuajar un proyecto s\u00f3lido\u201d como pide Gabetta.<br \/>Bien, pero y mientras tanto \u00bfQu\u00e9 debemos hacer? Mi opini\u00f3n personal, que s\u00f3lo tiene el valor de un testimonio, es que debemos estar muy atentos en la defensa de todo lo que se ha conseguido desde ese 2001 hasta ac\u00e1, se deba a las razones que se quieran esgrimir. Tener un discernimiento claro respecto de aquellos que quieren y pueden hacer esto, diferenciarlos de los discursos vac\u00edos que encubren la intenci\u00f3n de recuperar privilegios perdidos, o de los otros que s\u00f3lo quieren volver a ocupar un puesto p\u00fablico y para ello se ponen al servicio de los \u201camos de la Naci\u00f3n\u201d. Si se logra esto, con lo poco y pobre que es, creo que hemos dado un paso adelante, aunque para ello haya que elegir a muchos que no lo merecen.<\/p>\n","protected":false},"excerpt":{"rendered":"<p>Lo que he venido diciendo no debe entenderse en el sentido proselitista de que tenemos el mejor gobierno posible. Estamos muy lejos de ello. Pero, tambi\u00e9n quiero decir, que me aterra la posibilidad de que una oposici\u00f3n chata y ramplona que hace de su oficio el exclusivo ejercicio de oponerse, adquiera m\u00e1s poder. Un funcionario [&hellip;]<\/p>\n","protected":false},"author":1,"featured_media":0,"comment_status":"open","ping_status":"open","sticky":false,"template":"","format":"standard","meta":{"footnotes":""},"categories":[1],"tags":[],"class_list":["post-588","post","type-post","status-publish","format-standard","hentry","category-sin-categoria"],"_links":{"self":[{"href":"https:\/\/ricardovicentelopez.com.ar\/index.php?rest_route=\/wp\/v2\/posts\/588","targetHints":{"allow":["GET"]}}],"collection":[{"href":"https:\/\/ricardovicentelopez.com.ar\/index.php?rest_route=\/wp\/v2\/posts"}],"about":[{"href":"https:\/\/ricardovicentelopez.com.ar\/index.php?rest_route=\/wp\/v2\/types\/post"}],"author":[{"embeddable":true,"href":"https:\/\/ricardovicentelopez.com.ar\/index.php?rest_route=\/wp\/v2\/users\/1"}],"replies":[{"embeddable":true,"href":"https:\/\/ricardovicentelopez.com.ar\/index.php?rest_route=%2Fwp%2Fv2%2Fcomments&post=588"}],"version-history":[{"count":0,"href":"https:\/\/ricardovicentelopez.com.ar\/index.php?rest_route=\/wp\/v2\/posts\/588\/revisions"}],"wp:attachment":[{"href":"https:\/\/ricardovicentelopez.com.ar\/index.php?rest_route=%2Fwp%2Fv2%2Fmedia&parent=588"}],"wp:term":[{"taxonomy":"category","embeddable":true,"href":"https:\/\/ricardovicentelopez.com.ar\/index.php?rest_route=%2Fwp%2Fv2%2Fcategories&post=588"},{"taxonomy":"post_tag","embeddable":true,"href":"https:\/\/ricardovicentelopez.com.ar\/index.php?rest_route=%2Fwp%2Fv2%2Ftags&post=588"}],"curies":[{"name":"wp","href":"https:\/\/api.w.org\/{rel}","templated":true}]}}