{"id":586,"date":"2009-06-18T00:18:00","date_gmt":"2009-06-18T00:18:00","guid":{"rendered":"http:\/\/ricardovicentelopez.com.ar\/?p=586"},"modified":"2015-03-21T15:21:25","modified_gmt":"2015-03-21T15:21:25","slug":"de-que-modelo-se-habla-ix","status":"publish","type":"post","link":"https:\/\/ricardovicentelopez.com.ar\/?p=586","title":{"rendered":"\u00bfDe qu\u00e9 modelo se habla? IX"},"content":{"rendered":"<p>Si en m\u00e1s de una oportunidad Ud. amable lector se pregunt\u00f3 por la relaci\u00f3n entre el t\u00edtulo de estas notas y el recorrido de su redacci\u00f3n, debo decirle que se entremezcla mucha hojarasca medi\u00e1tica que es necesario barrer para poder entrar de lleno en el problema que nos aflige. Por tal raz\u00f3n lo que pueda aparecer como circunloquios innecesarios son para m\u00ed ladrillos imprescindible para construir una l\u00f3gica que desmonte la que lleva oculta el mensaje cuasi homog\u00e9neo que el ciudadano recibe diariamente. Pido perd\u00f3n y paciencia y espero satisfacer las expectativas. Vamos a detenernos sobre uno de los tantos temas que se tergiversan en el modo de presentarlos ante un p\u00fablico no siempre avisado de estas triqui\u00f1uelas. <br \/>La polvareda que levant\u00f3 la estatizaci\u00f3n de los fondos de pensi\u00f3n, promovida en gran parte por los bancos que se perd\u00edan un negocio sin riesgo y altamente rentable, es parte de ese mar de confusiones nada inocente. La respuesta inmediata de parte de esa oposici\u00f3n profesional fue que el gobierno necesitaba hacer \u201ccaja\u201d. Podr\u00e1 notarse de inmediato el tono peyorativo con que se hace referencia a los fondos p\u00fablicos. La crisis m\u00e1s profunda que haya padecido el capitalismo en su historia ech\u00f3 por tierra ese tipo de argumentos. La sola pregunta acerca de c\u00f3mo estar\u00edan hoy los fondos de todos esos trabajadores que aportaron durante a\u00f1os para  \u201casegurase\u201d una jubilaci\u00f3n \u201cdigna\u201d, como les hab\u00eda prometido Cavallo, alcanzar\u00eda para no hablar m\u00e1s del asunto. Sus fondos hoy sencillamente habr\u00edan desaparecido.<br \/>El argumento de Cavallo para privatizar el manejo de esos fondos fue la necesidad de crear un \u201cmercado de capitales\u201d que financiara el desarrollo de la empresa privada en nuestro pa\u00eds. Hoy sabemos que la mayor\u00eda de esos fondos fueron a para a empresas internacionales que aseguraron el desarrollo del capitalismo global, no el de nuestras empresas. Ahora cuando el ANSES administra esos fondos para recuperar su objetivo original,  no cumplido, financiando a las peque\u00f1as y medianas empresas nacionales, asegurando as\u00ed la fuente de trabajo a los argentinos, ha cambiado el argumento. El discurso que se impone en los grandes medios  se pregunta sobre \u00abqu\u00e9 se hace con \u201cla plata de los jubilados\u201d\u00bb. Empecemos por aclarar que esa formulaci\u00f3n sencilla y embustera tiene la intenci\u00f3n de generar p\u00e1nico en esa franja de la poblaci\u00f3n tan fr\u00e1gil y de una memoria triste sobre lo que se hizo con sus haberes. Embustera porque ese dinero no es de los jubilados sino es para los jubilados.<br \/>Ese dinero no est\u00e1 en una cuenta individual de alguna repartici\u00f3n misteriosa, sino que queda depositado en la administraci\u00f3n del r\u00e9gimen previsional. La argumentaci\u00f3n de por qu\u00e9 se toca ese dinero carece de todo sustento: si se dejara congelada en alguna cuenta correr\u00eda el riesgo de su devaluaci\u00f3n paulatina. C\u00f3mo entender que si los manejos de inversi\u00f3n lo hac\u00edan las empresas privadas estaba bien (quien haya tenido fondos habr\u00e1 sufrido el desenga\u00f1o de ver como cada vez le quedaba manos dinero en la cuenta, mientras que las utilidades de las empresas daban altos dividendos y se pagaban sueldos de pel\u00edcula a sus responsables).  Sobre esos delincuentes de guante blanco nunca cay\u00f3 ninguna sospecha de los grandes medios. En cambio hoy que son manejados por la administraci\u00f3n p\u00fablica, que debe rendir cuentas ante la comisi\u00f3n del Congreso como ha sucedido recientemente, llueven las sospechas acerca de qu\u00e9 se hace \u00abcon la plata de los jubilados\u00bb.<br \/>No quiere esto decir que todo sea transparente, que tengamos la mejor administraci\u00f3n posible, que todo funcione como es necesario. Que el Estado padece de una enfermedad que se llama burocratitis cr\u00f3nica, que los funcionarios de las reparticiones dejan mucho que desear, que hay enquistado en sus pliegues mil desechos hist\u00f3ricos de pasados y actuales gobiernos, todo ello es muy cierto. Pero de all\u00ed a pretender convencernos de que hoy todo eso est\u00e1 mal por culpa exclusiva de los Kirchner es pecar de una miop\u00eda horrorosa. Sin intentar defensa alguna de la actual administraci\u00f3n, no se puede ignorar los males que todo ello viene acarreando por largo tiempo. Y, para hacer m\u00e1s indigesto el mensaje de los medios, que los funcionarios de las empresas privadas son mejores que los del Estado s\u00f3lo puede ser cre\u00eddo por quien no se haya enterado de las causas profundas de la crisis financiera debido a los defalcos y fraudes de esos \u201chonrados funcionarios\u201d de los bancos privados. Todo esto es tambi\u00e9n un modo de hacer pol\u00edtica y meterse en la campa\u00f1a.<\/p>\n","protected":false},"excerpt":{"rendered":"<p>Si en m\u00e1s de una oportunidad Ud. amable lector se pregunt\u00f3 por la relaci\u00f3n entre el t\u00edtulo de estas notas y el recorrido de su redacci\u00f3n, debo decirle que se entremezcla mucha hojarasca medi\u00e1tica que es necesario barrer para poder entrar de lleno en el problema que nos aflige. Por tal raz\u00f3n lo que pueda [&hellip;]<\/p>\n","protected":false},"author":1,"featured_media":0,"comment_status":"open","ping_status":"open","sticky":false,"template":"","format":"standard","meta":{"footnotes":""},"categories":[1],"tags":[],"class_list":["post-586","post","type-post","status-publish","format-standard","hentry","category-sin-categoria"],"_links":{"self":[{"href":"https:\/\/ricardovicentelopez.com.ar\/index.php?rest_route=\/wp\/v2\/posts\/586","targetHints":{"allow":["GET"]}}],"collection":[{"href":"https:\/\/ricardovicentelopez.com.ar\/index.php?rest_route=\/wp\/v2\/posts"}],"about":[{"href":"https:\/\/ricardovicentelopez.com.ar\/index.php?rest_route=\/wp\/v2\/types\/post"}],"author":[{"embeddable":true,"href":"https:\/\/ricardovicentelopez.com.ar\/index.php?rest_route=\/wp\/v2\/users\/1"}],"replies":[{"embeddable":true,"href":"https:\/\/ricardovicentelopez.com.ar\/index.php?rest_route=%2Fwp%2Fv2%2Fcomments&post=586"}],"version-history":[{"count":0,"href":"https:\/\/ricardovicentelopez.com.ar\/index.php?rest_route=\/wp\/v2\/posts\/586\/revisions"}],"wp:attachment":[{"href":"https:\/\/ricardovicentelopez.com.ar\/index.php?rest_route=%2Fwp%2Fv2%2Fmedia&parent=586"}],"wp:term":[{"taxonomy":"category","embeddable":true,"href":"https:\/\/ricardovicentelopez.com.ar\/index.php?rest_route=%2Fwp%2Fv2%2Fcategories&post=586"},{"taxonomy":"post_tag","embeddable":true,"href":"https:\/\/ricardovicentelopez.com.ar\/index.php?rest_route=%2Fwp%2Fv2%2Ftags&post=586"}],"curies":[{"name":"wp","href":"https:\/\/api.w.org\/{rel}","templated":true}]}}