{"id":585,"date":"2009-06-24T12:34:00","date_gmt":"2009-06-24T12:34:00","guid":{"rendered":"http:\/\/ricardovicentelopez.com.ar\/?p=585"},"modified":"2015-03-21T15:21:25","modified_gmt":"2015-03-21T15:21:25","slug":"de-que-modelo-se-habla-x","status":"publish","type":"post","link":"https:\/\/ricardovicentelopez.com.ar\/?p=585","title":{"rendered":"\u00bfDe qu\u00e9 modelo se habla? X"},"content":{"rendered":"<p>Para seguir repasando la conducta de las instituciones de la Argentina, tema que llena de palabras las bocas de tantos \u201crepublicanos\u201d defensores del \u201cliberalismo econ\u00f3mico\u201d, veamos qu\u00e9 dicen y qu\u00e9 hacen las c\u00e1maras empresariales. Hemos estado leyendo, escuchando y viendo las declaraciones hechas, en cuanto medio de comunicaci\u00f3n les pidiera opini\u00f3n, de directivos, analistas econ\u00f3micos, analistas pol\u00edticos y dem\u00e1s opin\u00f3logos que en estas \u00faltimas d\u00e9cadas proliferan, sobre el tema de las compras de empresas consideradas estrat\u00e9gicas de parte del gobierno venezolano. Dije \u201ccompras de empresas\u201d y pude decir expropiaciones (Diccionario Espasa-Calpe: desposeer de una cosa a su propietario, d\u00e1ndole en cambio una indemnizaci\u00f3n. Se efect\u00faa legalmente por motivos de utilidad p\u00fablica), pero la utilizaci\u00f3n perversa que se ha hecho de esta palabra ha dado a entender que se le hab\u00edan quitado las empresas, casi un robo.<br \/>Los directivos de la empresa Techint agradecieron a la Sra. Presidenta su intervenci\u00f3n a favor del logro de un mejor precio por la operaci\u00f3n. Si fueron a expresar su agradecimiento y su satisfacci\u00f3n fue porque hicieron un buen negocio. La supuesta empresa argentina del Grupo Techint dice en su p\u00e1gina: \u00abCompa\u00f1\u00edas con operaciones en diversos pa\u00edses del mundo, l\u00edderes globales o regionales en sus sectores, con profundas ra\u00edces en las comunidades en las que operan\u00bb. Equivale  a decir que es una empresa internacional, de la cual hay una de sus sedes en la Argentina, pero su central est\u00e1 en Luxemburgo, lugar en el que depositaron el dinero obtenido por la venta, no en nuestro pa\u00eds. Todo ello muestra que no es una empresa argentina y que por lo tanto ha recibido un favor de parte del gobierno que despu\u00e9s han retribuido con declaraciones de las c\u00e1maras empresarias a las que pertenecen reclamando las \u201carbitrariedades del gobierno venezolano\u201d y, en el colmo de su desverg\u00fcenza, han solicitado que no se le permita el ingreso a Venezuela en el Mercosur.<br \/>El presidente del Instituto nacional de tecnolog\u00eda Industrial, Enrique Mart\u00ednez, sali\u00f3 a explicar cuales podr\u00edan ser las consecuencias de tomar una medida como la solicitada: \u00abde prosperar la iniciativa, y producirse el previsible enfriamiento de las relaciones con Argentina, se provocar\u00edan algunos da\u00f1os a la industria local que vale la pena exponer, aparte de la actual corriente de intercambio. Se est\u00e1 completando en el INTI un relevamiento de la industria argentina de equipos para generaci\u00f3n y distribuci\u00f3n de energ\u00eda el\u00e9ctrica, solicitado por Venezuela, para atender un plan de 10 mil millones de d\u00f3lares de inversi\u00f3n en los pr\u00f3ximos cinco a\u00f1os. Se est\u00e1 construyendo un \u00e1mbito de desarrollo conjunto para producir la microelectr\u00f3nica que abastezca componentes para celulares, PC, televisores, que ya se est\u00e1n ensamblando en Venezuela. Se prev\u00e9 estudiar y avanzar en \u00e1mbitos binacionales en lo relativo a industrias para utilizar el gas natural; producir fertilizantes fosfatados; integrar la cadena de valor del aluminio aguas abajo; aprovechar los cueros vacunos, el sebo y las menudencias; utilizar la energ\u00eda solar y la e\u00f3lica\u00bb.<br \/>Y agrega como reflexi\u00f3n de estas palabras: \u00abAl INTI, como ente de apoyo a la industria argentina, le ser\u00eda importante saber si la UIA ha hecho un an\u00e1lisis de costo\/beneficio de sus acciones para bloquear el acceso de Venezuela al Mercosur. Si no lo han hecho y lo hicieran, descubrir\u00edan que la industria argentina perder\u00e1 mucho m\u00e1s de lo que ganar\u00e1, aun as\u00ed quedar\u00edan varios espacios de posible reclamo al gobierno nacional\u00bb. Lo que sucede es que los directivos de la que dice ser \u201cc\u00e1mara de las industrias\u201d es en realidad el lugar en el que se abroquelan las grandes empresas con intereses internacionales, sin preocuparse mucho por el da\u00f1o que generan con sus conductas al resto de la industria nacional. Las empresas PYMES tambi\u00e9n mostraron su disgusto por ese tipo de declaraciones que olvidan el inter\u00e9s nacional.<br \/>Esto es necesario tenerlo en cuenta cuando leemos en los medios comprometidos con esas empresas internacionales, o socios de ellas, que se est\u00e1 afectando el inter\u00e9s nacional con las pol\u00edticas p\u00fablicas, de qu\u00e9 est\u00e1n hablando y qu\u00e9 es lo que est\u00e1n defendiendo. Adem\u00e1s poder saber si est\u00e1n defendiendo el desarrollo de la industria local o, simplemente, sus intereses particulares, y aqu\u00ed aparece nuevamente detr\u00e1s de cu\u00e1l modelo est\u00e1n<\/p>\n","protected":false},"excerpt":{"rendered":"<p>Para seguir repasando la conducta de las instituciones de la Argentina, tema que llena de palabras las bocas de tantos \u201crepublicanos\u201d defensores del \u201cliberalismo econ\u00f3mico\u201d, veamos qu\u00e9 dicen y qu\u00e9 hacen las c\u00e1maras empresariales. Hemos estado leyendo, escuchando y viendo las declaraciones hechas, en cuanto medio de comunicaci\u00f3n les pidiera opini\u00f3n, de directivos, analistas econ\u00f3micos, [&hellip;]<\/p>\n","protected":false},"author":1,"featured_media":0,"comment_status":"open","ping_status":"open","sticky":false,"template":"","format":"standard","meta":{"footnotes":""},"categories":[1],"tags":[],"class_list":["post-585","post","type-post","status-publish","format-standard","hentry","category-sin-categoria"],"_links":{"self":[{"href":"https:\/\/ricardovicentelopez.com.ar\/index.php?rest_route=\/wp\/v2\/posts\/585","targetHints":{"allow":["GET"]}}],"collection":[{"href":"https:\/\/ricardovicentelopez.com.ar\/index.php?rest_route=\/wp\/v2\/posts"}],"about":[{"href":"https:\/\/ricardovicentelopez.com.ar\/index.php?rest_route=\/wp\/v2\/types\/post"}],"author":[{"embeddable":true,"href":"https:\/\/ricardovicentelopez.com.ar\/index.php?rest_route=\/wp\/v2\/users\/1"}],"replies":[{"embeddable":true,"href":"https:\/\/ricardovicentelopez.com.ar\/index.php?rest_route=%2Fwp%2Fv2%2Fcomments&post=585"}],"version-history":[{"count":0,"href":"https:\/\/ricardovicentelopez.com.ar\/index.php?rest_route=\/wp\/v2\/posts\/585\/revisions"}],"wp:attachment":[{"href":"https:\/\/ricardovicentelopez.com.ar\/index.php?rest_route=%2Fwp%2Fv2%2Fmedia&parent=585"}],"wp:term":[{"taxonomy":"category","embeddable":true,"href":"https:\/\/ricardovicentelopez.com.ar\/index.php?rest_route=%2Fwp%2Fv2%2Fcategories&post=585"},{"taxonomy":"post_tag","embeddable":true,"href":"https:\/\/ricardovicentelopez.com.ar\/index.php?rest_route=%2Fwp%2Fv2%2Ftags&post=585"}],"curies":[{"name":"wp","href":"https:\/\/api.w.org\/{rel}","templated":true}]}}