{"id":583,"date":"2009-07-01T00:58:00","date_gmt":"2009-07-01T00:58:00","guid":{"rendered":"http:\/\/ricardovicentelopez.com.ar\/?p=583"},"modified":"2015-03-21T15:21:23","modified_gmt":"2015-03-21T15:21:23","slug":"de-que-modelo-se-habla-final","status":"publish","type":"post","link":"https:\/\/ricardovicentelopez.com.ar\/?p=583","title":{"rendered":"\u00bfDe qu\u00e9 modelo se habla? final"},"content":{"rendered":"<p>Si alg\u00fan pol\u00edtico, estudioso de los fen\u00f3menos socio-pol\u00edticos, venido del espacio c\u00f3smico llegara a la Argentina con la intenci\u00f3n de estudiar el comportamiento de los votantes se encontrar\u00eda en serias dificultades. Porque para comprender las conductas de los votantes supondr\u00eda, con una l\u00f3gica nada descabellada, que aquellos que resultaran los m\u00e1s beneficiados por la gesti\u00f3n de un gobierno ser\u00edan los m\u00e1s fervientes apoyos con que contar\u00edan. Y aqu\u00ed aparece la i-l\u00f3gica de la l\u00f3gica con que pretendiera estudiar los modos de votar y las preferencias de los votantes. Si bien las estad\u00edsticas no siempre reflejan con toda claridad la realidad socio-econ\u00f3mica, y no faltan los que digan que siempre est\u00e1n manipuladas y algo de raz\u00f3n tienen, las mejoras sociales producidas desde la terrible noche de la represi\u00f3n en Plaza de Mayo en Diciembre de 2001 hasta este 2009 se han repartido con cierta inequidad, vi\u00e9ndose favorecidas las clases medias y altas y un poco menos los sectores del trabajo.<br \/>Sin embargo, las preferencias pol\u00edticas de estos sectores se distribuyen, de acuerdo a los resultados del 29-6 actuales encuestas, en forma aparentemente incomprensible, siguiendo la l\u00f3gica anterior: los sectores menos favorecidos apoyaron la gesti\u00f3n de Gobierno, los otros se encolumnan detr\u00e1s de la dura oposici\u00f3n. Estos se sienten representados por las c\u00e1maras empresariales y por la mesa de Enlace del \u201ccampo privilegiado\u201d. Todos estos \u00faltimos sectores tienen como voceros, como ya dije, a los grandes medios. Esto le lleva a decir a Ra\u00fal Dellatorre que: \u00abFueron los que m\u00e1s ganaron con el cambio de modelo econ\u00f3mico en 2003, pero hoy lo enfrentan. La c\u00fapula empresaria juega a una oposici\u00f3n fuerte en plena campa\u00f1a, buscando condicionar las pol\u00edticas de los pr\u00f3ximos dos a\u00f1os\u00bb.<br \/>Y lo m\u00e1s lamentable para la salud de nuestra democracia es que al no existir partidos de oposici\u00f3n con programas claros y propuestas atrayentes el espacio que queda vac\u00edo entonces es ocupado por esos voceros no partidarios: \u00abAs\u00ed como en 2008 las entidades rurales les \u201crobaron\u201d el protagonismo a los partidos y alianzas pol\u00edticas que pretend\u00edan referenciarse como eje de la oposici\u00f3n, en estas elecciones otro sector empresario, con la Uni\u00f3n Industrial Argentina a la cabeza, se erigi\u00f3 en el sector que confronta m\u00e1s duro con el Gobierno y su modelo econ\u00f3mico\u00bb. Ese vac\u00edo en la pol\u00edtica tiende a ser ocupado por el que se sienta en condiciones de hacerlo: \u00abFrente a este desaf\u00edo, quien recogi\u00f3 el guante y acept\u00f3 el duelo es el establishment local que, como no suced\u00eda desde hace tiempo, ha logrado unificar discurso y posturas p\u00fablicas. Si es el modelo el que est\u00e1 en juego, ellos, el establishment, tienen algo que decir. Algo que le \u201cmarque la cancha\u201d al Gobierno sobre \u201clo que se puede o no se puede\u201d hacer. Cierto sector de la oposici\u00f3n, d\u00f3cilmente, los acompa\u00f1a\u00bb.<br \/>Los candidatos del gobierno manifestaron que lo que estaba en juego es el modelo de pa\u00eds, partiendo de la base de a qui\u00e9nes molestaron muchas de las decisiones tomadas. Si bien el gobierno est\u00e1 lejos de haber resuelto muchos de los grandes problemas que tiene nuestro pueblo, no se debe perder de vista que esos sectores volver\u00edan con gusto al modelo de los noventa, como De Narv\u00e1ez que lamenta que Menem no haya triunfado en el 2003 y otro tanto dice Macri. \u00abLos grupos de poder econ\u00f3mico advierten que en estos d\u00edas se define la orientaci\u00f3n de la pol\u00edtica econ\u00f3mica por lo menos de los pr\u00f3ximos dos a\u00f1os (en esto coinciden con el gobierno), pero advierten que el gobierno se est\u00e1 viendo tentado a echar mano de instrumentos de mayor intervenci\u00f3n del Estado, como fue la eliminaci\u00f3n del sistema de las AFJP y la pol\u00edtica activa que se est\u00e1 dando con los fondos administrados ahora por la Anses. No quieren ver avanzar esta tendencia, por eso confrontan\u00bb.<br \/>Creo que esto ha quedado claro respecto de lo que en parte se ha decidido en este domingo de Junio. Y en los pr\u00f3ximos meses podremos ver c\u00f3mo votar\u00e1n los elegidos los proyectos que lleven el pa\u00eds hacia delante o hacia el pasado. Algunos de ellos no nos sorprender\u00e1n puesto que ya sabemos como piensan y como gestionan y a favor de quienes lo hacen: la defensa del capital concentrado y hacer pagar los costos de la crisis a los que trabajan, como ha sucedido tantas veces en el pasado. Tal vez, la inc\u00f3gnita resida en algunos sectores que no se han alineado con claridad y que deber\u00e1n mostrar en sus votaciones su proyecto para todos nosotros. En esto se centraba el problema del modelo.<\/p>\n","protected":false},"excerpt":{"rendered":"<p>Si alg\u00fan pol\u00edtico, estudioso de los fen\u00f3menos socio-pol\u00edticos, venido del espacio c\u00f3smico llegara a la Argentina con la intenci\u00f3n de estudiar el comportamiento de los votantes se encontrar\u00eda en serias dificultades. Porque para comprender las conductas de los votantes supondr\u00eda, con una l\u00f3gica nada descabellada, que aquellos que resultaran los m\u00e1s beneficiados por la gesti\u00f3n [&hellip;]<\/p>\n","protected":false},"author":1,"featured_media":0,"comment_status":"open","ping_status":"open","sticky":false,"template":"","format":"standard","meta":{"footnotes":""},"categories":[1],"tags":[],"class_list":["post-583","post","type-post","status-publish","format-standard","hentry","category-sin-categoria"],"_links":{"self":[{"href":"https:\/\/ricardovicentelopez.com.ar\/index.php?rest_route=\/wp\/v2\/posts\/583","targetHints":{"allow":["GET"]}}],"collection":[{"href":"https:\/\/ricardovicentelopez.com.ar\/index.php?rest_route=\/wp\/v2\/posts"}],"about":[{"href":"https:\/\/ricardovicentelopez.com.ar\/index.php?rest_route=\/wp\/v2\/types\/post"}],"author":[{"embeddable":true,"href":"https:\/\/ricardovicentelopez.com.ar\/index.php?rest_route=\/wp\/v2\/users\/1"}],"replies":[{"embeddable":true,"href":"https:\/\/ricardovicentelopez.com.ar\/index.php?rest_route=%2Fwp%2Fv2%2Fcomments&post=583"}],"version-history":[{"count":0,"href":"https:\/\/ricardovicentelopez.com.ar\/index.php?rest_route=\/wp\/v2\/posts\/583\/revisions"}],"wp:attachment":[{"href":"https:\/\/ricardovicentelopez.com.ar\/index.php?rest_route=%2Fwp%2Fv2%2Fmedia&parent=583"}],"wp:term":[{"taxonomy":"category","embeddable":true,"href":"https:\/\/ricardovicentelopez.com.ar\/index.php?rest_route=%2Fwp%2Fv2%2Fcategories&post=583"},{"taxonomy":"post_tag","embeddable":true,"href":"https:\/\/ricardovicentelopez.com.ar\/index.php?rest_route=%2Fwp%2Fv2%2Ftags&post=583"}],"curies":[{"name":"wp","href":"https:\/\/api.w.org\/{rel}","templated":true}]}}