{"id":581,"date":"2009-07-08T12:31:00","date_gmt":"2009-07-08T12:31:00","guid":{"rendered":"http:\/\/ricardovicentelopez.com.ar\/?p=581"},"modified":"2015-03-21T15:21:23","modified_gmt":"2015-03-21T15:21:23","slug":"que-paso-con-la-nacion","status":"publish","type":"post","link":"https:\/\/ricardovicentelopez.com.ar\/?p=581","title":{"rendered":"\u00bfQu\u00e9 pas\u00f3 con la naci\u00f3n?"},"content":{"rendered":"<p>Para continuar creo necesario colocar como eje de ese proceso un olvido. Nacimos como comunidad independiente con el proyecto de construir una naci\u00f3n. Largas luchas fratricidas, incomprensiones de ambos bandos, peque\u00f1ez en el planteo pol\u00edtico, privilegiar los intereses de sectores por encima de los de toda la comunidad, nos fue llevando a los tumbos a lo largo del Siglo XIX y en parte del XX.<br \/>Si bien la \u00abhistoria oficial\u00bb nos ha contado todo esto desde la versi\u00f3n de un solo bando, cortando la naci\u00f3n entre \u00abb\u00e1rbaros y civilizados\u00bb y gran parte de nuestra educaci\u00f3n fue sostenida por ello, ha llegado la hora de ponernos a pensar desde un proyecto de unidad de la comunidad, aunque esta unidad est\u00e9 siempre transida por tensiones y contradicciones pol\u00edticas. La historia es el proceso por el cual se van resolviendo esas contradicciones. Depende de la claridad de nuestras ideas respecto de que ese proyecto abarque a la mayor\u00eda de nuestro pueblo, se resolver\u00e1n en un sentido u otro. Recorriendo nuestra historia podemos advertir que las soluciones buscadas, y a veces encontradas, muchas veces se pensaron y se ejecutaron desde el manejo del poder de uno de los bandos. <br \/>Estamos sobre el filo del abismo y no nos queda mucho margen para seguir avanzando desconociendo a \u00ablos otros\u00bb. Hoy suenan cantos de sirena que nos pueden precipitar en el abismo. Nos ha tocado la suerte heroica de ser los protagonistas de una etapa hist\u00f3rica crucial. Esto puede verse como una desgracia colectiva o como una oportunidad imperdible. Nos encontramos en uno de esos recodos de la historia en los que se pueden definir las l\u00edneas generales que apunten hacia el futuro. Y porque se puede se debe. Cuando leemos la historia y, a veces, nos exaltamos con las grandes epopeyas, con las decisiones cruciales, con las definiciones certeras, que dieron un marco propicio a las realizaciones posteriores, nos parece que fue obra de titanes, de seres irrepetibles. Sin embargo, mirados desde la cotidianeidad, eran seres humanos como nosotros, con un compromiso y una decisi\u00f3n de participar que debi\u00e9ramos recuperar y encarnar en esta hora. En la Historia, sin duda, ha habido hombres excepcionales pero fueron pocos. Las m\u00e1s de las veces fue el fruto de un largo trabajo colectivo que eclosion\u00f3 en un momento produciendo resultados largamente preparados. <br \/>Creo que estamos en uno de esos momentos en los que la comunidad toda debe plantearse los problemas que enfrentamos, debatirlos en sus comunidades m\u00e1s inmediatas, comenzar a construir conducciones y dirigentes que se conviertan en los portavoces de los mandatos conferidos. Equivale a decir, comenzar un proceso educativo de abajo hacia arriba que privilegie la construcci\u00f3n de pensamientos comunes, pero que no ignoren la complejidad y la heterogeneidad pol\u00edtica y cultural, aprendiendo a escucharnos atentamente, sabiendo resignar parte de lo que el inter\u00e9s particular nos se\u00f1ala en pos del logro del inter\u00e9s comunitario. En estos debates se deber\u00e1 prestar especial atenci\u00f3n a las filtraciones de ideas y valores del neoliberalismo que han imperado hasta aqu\u00ed. <br \/>Entonces, a partir de esas construcciones de ideas comunes, deberemos pensar que la resoluci\u00f3n de todo ello  es posible en el marco de la comunidad nacional. Nos topamos as\u00ed con un tema que se fue retrasando de la agenda com\u00fan, que s\u00f3lo formalmente apareci\u00f3 en ciertos momentos, y que la pr\u00e9dica neoliberal pretendi\u00f3 rebajarlo a la categor\u00eda de obsoleto: la Naci\u00f3n. Haber perdido la mirada de este tema central fue, en parte, obra de un pensamiento que pretendi\u00f3 convencernos de que somos ciudadanos del mundo. Pero de un mundo compuesto por \u00e1tomos independientes y centrados en sus propios deseos de consumo en el cual el mercado es la idea central alrededor de la cual debe girar toda reflexi\u00f3n. La naci\u00f3n, entonces, es nuestro punto de partida. La educaci\u00f3n es el instrumento necesario para esa construcci\u00f3n. Sin embargo, la educaci\u00f3n que hoy tenemos est\u00e1 lejos de cumplir sabiamente esta tarea, deberemos recurrir a las formas alternativas que est\u00e9n cerca de nuestras manos.<\/p>\n","protected":false},"excerpt":{"rendered":"<p>Para continuar creo necesario colocar como eje de ese proceso un olvido. Nacimos como comunidad independiente con el proyecto de construir una naci\u00f3n. Largas luchas fratricidas, incomprensiones de ambos bandos, peque\u00f1ez en el planteo pol\u00edtico, privilegiar los intereses de sectores por encima de los de toda la comunidad, nos fue llevando a los tumbos a [&hellip;]<\/p>\n","protected":false},"author":1,"featured_media":0,"comment_status":"open","ping_status":"open","sticky":false,"template":"","format":"standard","meta":{"footnotes":""},"categories":[1],"tags":[],"class_list":["post-581","post","type-post","status-publish","format-standard","hentry","category-sin-categoria"],"_links":{"self":[{"href":"https:\/\/ricardovicentelopez.com.ar\/index.php?rest_route=\/wp\/v2\/posts\/581","targetHints":{"allow":["GET"]}}],"collection":[{"href":"https:\/\/ricardovicentelopez.com.ar\/index.php?rest_route=\/wp\/v2\/posts"}],"about":[{"href":"https:\/\/ricardovicentelopez.com.ar\/index.php?rest_route=\/wp\/v2\/types\/post"}],"author":[{"embeddable":true,"href":"https:\/\/ricardovicentelopez.com.ar\/index.php?rest_route=\/wp\/v2\/users\/1"}],"replies":[{"embeddable":true,"href":"https:\/\/ricardovicentelopez.com.ar\/index.php?rest_route=%2Fwp%2Fv2%2Fcomments&post=581"}],"version-history":[{"count":0,"href":"https:\/\/ricardovicentelopez.com.ar\/index.php?rest_route=\/wp\/v2\/posts\/581\/revisions"}],"wp:attachment":[{"href":"https:\/\/ricardovicentelopez.com.ar\/index.php?rest_route=%2Fwp%2Fv2%2Fmedia&parent=581"}],"wp:term":[{"taxonomy":"category","embeddable":true,"href":"https:\/\/ricardovicentelopez.com.ar\/index.php?rest_route=%2Fwp%2Fv2%2Fcategories&post=581"},{"taxonomy":"post_tag","embeddable":true,"href":"https:\/\/ricardovicentelopez.com.ar\/index.php?rest_route=%2Fwp%2Fv2%2Ftags&post=581"}],"curies":[{"name":"wp","href":"https:\/\/api.w.org\/{rel}","templated":true}]}}