{"id":578,"date":"2009-07-19T13:54:00","date_gmt":"2009-07-19T13:54:00","guid":{"rendered":"http:\/\/ricardovicentelopez.com.ar\/?p=578"},"modified":"2015-03-21T15:21:23","modified_gmt":"2015-03-21T15:21:23","slug":"comencemos-a-dialogar-pero-como","status":"publish","type":"post","link":"https:\/\/ricardovicentelopez.com.ar\/?p=578","title":{"rendered":"Comencemos a dialogar \u2013 Pero \u00bfc\u00f3mo?"},"content":{"rendered":"<p>No resulta nada f\u00e1cil tener que escribir sobre la situaci\u00f3n pol\u00edtica actual. Estaba pensando en esto cuando se me cruz\u00f3 una frase del c\u00f3mico Groucho Marx, famoso por sus iron\u00edas: \u00abLa pol\u00edtica es el arte de buscar problemas, encontrarlos, hacer un diagn\u00f3stico falso y aplicar despu\u00e9s los remedios equivocados\u00bb. Estas palabras dichas hace m\u00e1s de cincuenta a\u00f1os en los EEUU siguen teniendo vigencia hoy, y en nuestro pa\u00eds se tornan m\u00e1s t\u00e9tricas, o al menos eso me parece. Una gran parte de la dirigencia no tiene el menor pudor de decir cualquier cosa con tal de que salga reproducida en alg\u00fan medio de informaci\u00f3n. Ud., Sr. Lector, estar\u00e1 pensando en la dirigencia pol\u00edtica, pero porque no la sindical, la empresarial, la institucional, la deportiva, etc., etc., etc. Es de tal dimensi\u00f3n la chatura moral e intelectual, que se llega a tener la sensaci\u00f3n de que est\u00e1n haciendo un gran esfuerzo para parecerse a los personajes que circulan por la televisi\u00f3n y a sus entrevistadores incluidos. Esto, debo decirlo, no incluye a esas honrosas excepciones que, por ser tal, no abundan.<br \/>Un ejemplo de lo que estoy diciendo es lo que ocurri\u00f3 en estos d\u00edas en la reuni\u00f3n de ambas C\u00e1maras del Congreso ante la visita del Relator de las Naciones Unidas en materia de Promoci\u00f3n y Protecci\u00f3n de la Libertad de Expresi\u00f3n, Frank La Rue. Estoy hablando de un funcionario internacional que nos visita por temas de su especialidad. Este se\u00f1or ha cometido, tal vez por ingenuidad o falta de informaci\u00f3n, el error de hablar en t\u00e9rminos admirativos del Proyecto de Ley de Servicios de Comunicaci\u00f3n Audiovisual. Dijo: \u00abEs lo m\u00e1s avanzado que he visto en el continente y en el mundo en cuanto a telecomunicaciones, que aqu\u00ed le llaman difusi\u00f3n de servicios de comunicaci\u00f3n audiovisual\u2026 Uno de los puntos centrales del proyecto que m\u00e1s me entusiasm\u00f3 es dividir el espectro de medios audiovisuales en tres partes iguales, el 33 por ciento para los medios privados con fines de lucro, el 33 por ciento para el Estado en sus distintos estamentos y 33 por ciento para las organizaciones comunitarias\u2026 Yo mismo nunca me he atrevido a dar recomendaciones tan espec\u00edficas porque eso lo debe ver cada pa\u00eds, esto es muy de avanzada\u00bb.<br \/>M\u00e1s adelante afirm\u00f3 (y al que le quepa el sayo que se lo ponga): \u00abHay pa\u00edses donde los medios est\u00e1n absolutamente monopolizados, eso es inaceptable y hay que combatirlo. En segundo lugar, hay que generar mecanismos alternativos para que los sectores sociales que nunca han tenido acceso a la comunicaci\u00f3n los tengan. A los propietarios de los medios les cuesta entender que la libertad de expresi\u00f3n implica pluralismo. Es uno de los principios doctrinales de los derechos humanos. La libertad de expresi\u00f3n implica pluralismo, y el pluralismo implica combatir los monopolios. Cuando Clar\u00edn me critic\u00f3 me hubiera gustado que me diera el derecho a r\u00e9plica\u00bb.  El \u201cgran diario argentino\u201d se comport\u00f3 como tantos otros dirigentes nuestros. Claro, hay que entenderlo, no pod\u00eda aceptar que esta persona, con su autoridad en la materia dijera lo que dijo: \u00abEste proyecto de ley lo que est\u00e1 haciendo es traducir la doctrina de derechos humanos a una ley, a una gu\u00eda. Y me parece muy bien\u2026 Un historiador me dec\u00eda que si revis\u00e1ramos las grandes concesiones radiales o televisivas en Am\u00e9rica latina ver\u00edamos que todas estuvieron vinculadas a las dictaduras militares\u00bb. Esto es demasiado fuerte para los grandes medios de nuestro pa\u00eds. Por lo tanto lo que corresponde es acallarlo: esto nunca ocurri\u00f3.<br \/>Ante algunas manifestaciones que recogi\u00f3 con gran sorpresa que afirmaban que no era el momento o que se pod\u00eda seguir un tiempo m\u00e1s con la que ten\u00edamos dijo: \u00abNunca ning\u00fan pa\u00eds con dignidad democr\u00e1tica puede permitir que leyes de la dictadura permanezcan. Es urgente cambiarlas en todo el continente pero especialmente en la Argentina. Adem\u00e1s, se la est\u00e1 intentando cambiar de una forma democr\u00e1tica\u2026 Convertir este proyecto en ley ser\u00eda una muestra de la madurez pol\u00edtica de Argentina por parte del Congreso. Nadie debe quedarse afuera de esta experiencia. Adem\u00e1s, no entender\u00eda cu\u00e1les podr\u00edan ser las razones, en un pa\u00eds que goza desde hace veinte a\u00f1os de democracia, de querer mantener una ley de la dictadura\u00bb.<br \/>Qu\u00e9 otra cosa que lo que escrib\u00ed en el comienzo de esta nota puede decirse al saber que la diputada Silvana Giudici (UCR) lo interpel\u00f3 de mala manera, al reaccionar respecto de los elogios que La Rue manifest\u00f3 por el proceso previo de consulta a la sociedad civil que se viene realizando en todo el pa\u00eds con la participaci\u00f3n amplia de todos los sectores. Ante lo cual la diputada reclam\u00f3 que \u201cel debate sea en el \u00e1mbito del Congreso, en el seno de las comisiones de Comunicaciones y de Libertad de Expresi\u00f3n\u201d. El Sr. La Rue calific\u00f3 de \u201cfascinante\u201d el proceso de debate p\u00fablico previo a la elaboraci\u00f3n del proyecto, y resalt\u00f3 que le \u00abparece important\u00edsimo\u201d que d\u00e9 espacio al \u201cpluralismo y el acceso de todos los sectores\u201d. Parece, por la reacci\u00f3n de algunos, que los representantes no aceptan la opini\u00f3n de sus representados. Estos son los criterios democr\u00e1ticos que lucen estos dirigentes.<\/p>\n","protected":false},"excerpt":{"rendered":"<p>No resulta nada f\u00e1cil tener que escribir sobre la situaci\u00f3n pol\u00edtica actual. Estaba pensando en esto cuando se me cruz\u00f3 una frase del c\u00f3mico Groucho Marx, famoso por sus iron\u00edas: \u00abLa pol\u00edtica es el arte de buscar problemas, encontrarlos, hacer un diagn\u00f3stico falso y aplicar despu\u00e9s los remedios equivocados\u00bb. Estas palabras dichas hace m\u00e1s de [&hellip;]<\/p>\n","protected":false},"author":1,"featured_media":0,"comment_status":"open","ping_status":"open","sticky":false,"template":"","format":"standard","meta":{"footnotes":""},"categories":[1],"tags":[],"class_list":["post-578","post","type-post","status-publish","format-standard","hentry","category-sin-categoria"],"_links":{"self":[{"href":"https:\/\/ricardovicentelopez.com.ar\/index.php?rest_route=\/wp\/v2\/posts\/578","targetHints":{"allow":["GET"]}}],"collection":[{"href":"https:\/\/ricardovicentelopez.com.ar\/index.php?rest_route=\/wp\/v2\/posts"}],"about":[{"href":"https:\/\/ricardovicentelopez.com.ar\/index.php?rest_route=\/wp\/v2\/types\/post"}],"author":[{"embeddable":true,"href":"https:\/\/ricardovicentelopez.com.ar\/index.php?rest_route=\/wp\/v2\/users\/1"}],"replies":[{"embeddable":true,"href":"https:\/\/ricardovicentelopez.com.ar\/index.php?rest_route=%2Fwp%2Fv2%2Fcomments&post=578"}],"version-history":[{"count":0,"href":"https:\/\/ricardovicentelopez.com.ar\/index.php?rest_route=\/wp\/v2\/posts\/578\/revisions"}],"wp:attachment":[{"href":"https:\/\/ricardovicentelopez.com.ar\/index.php?rest_route=%2Fwp%2Fv2%2Fmedia&parent=578"}],"wp:term":[{"taxonomy":"category","embeddable":true,"href":"https:\/\/ricardovicentelopez.com.ar\/index.php?rest_route=%2Fwp%2Fv2%2Fcategories&post=578"},{"taxonomy":"post_tag","embeddable":true,"href":"https:\/\/ricardovicentelopez.com.ar\/index.php?rest_route=%2Fwp%2Fv2%2Ftags&post=578"}],"curies":[{"name":"wp","href":"https:\/\/api.w.org\/{rel}","templated":true}]}}