{"id":577,"date":"2009-07-23T14:55:00","date_gmt":"2009-07-23T14:55:00","guid":{"rendered":"http:\/\/ricardovicentelopez.com.ar\/?p=577"},"modified":"2015-03-21T15:21:23","modified_gmt":"2015-03-21T15:21:23","slug":"comencemos-a-dialogar-las-nuevas-voces","status":"publish","type":"post","link":"https:\/\/ricardovicentelopez.com.ar\/?p=577","title":{"rendered":"Comencemos a dialogar \u2013 Las nuevas voces"},"content":{"rendered":"<p>Si el di\u00e1logo es el elemento fundante de los procesos democr\u00e1ticos, en \u00e9ste deben participar todos con las mejores intenciones. Claro est\u00e1 esto no pasa de ser un buen deseo que la realidad se encarga de voltear. Y, una parte importante de ello sucede por la concentraci\u00f3n en pocas manos de la palabra p\u00fablica. Por lo que hab\u00eda quedado dicho en la nota anterior viene a cuento comentar la publicaci\u00f3n del \u00faltimo libro del Pascual Serrano, Desinformaci\u00f3n. C\u00f3mo los medios ocultan el mundo. En la era de la informaci\u00f3n, los medios de pa\u00edses democr\u00e1ticos como el nuestro ejercen un nuevo tipo de censura, consistente en crear ruido para ocultar hechos. El periodista espa\u00f1ol desvela, en este trabajo, los mecanismos y los peligros de esta manipulaci\u00f3n. Baste un peque\u00f1o ejercicio para averiguar la efectividad de una censura que se presenta con otros m\u00e9todos que los tradicionales: no se oculta o se impide que las noticias aparezcan, lo que se hace es distorsionarlas de tal modo que digan, muchas veces, lo contrario de lo que ha sucedido. <br \/>Esto logra que cualquiera de nosotros, ciudadanos con cultura media y acceso libre a la prensa, televisi\u00f3n e internet, tenga ideas muy precisas sobre algunos temas \u00abde actualidad\u00bb sin que sepamos con certeza de d\u00f3nde se sacaron, qu\u00e9 relaci\u00f3n hay entre el relato y el hecho originario, y respecto de muchas otras cosas ignoremos totalmente que existen porque nunca aparecen, salvo cat\u00e1strofes, corrupciones escandalosas o rarezas varias. Si nos detuvi\u00e9ramos a hacer un examen, conviene meditar si nuestros juicios sobre lo que nos parecen datos aceptables son o no s\u00f3lo impresiones o prejuicios de quien nos informa. Esto nos llevar\u00eda a preguntarnos si estamos siendo cr\u00edticos o sumisos con quienes dirigen las opiniones de la masa, y pensemos a qui\u00e9n favorece nuestra desinformaci\u00f3n. Podr\u00eda suceder que nos hayamos ido acostumbrando a leer las noticias que han sido tamizadas por periodistas que responden m\u00e1s a los intereses de sus anunciantes. <br \/>Podemos leer en una nota que presenta este libro: \u00abPascual Serrano, periodista especializado en pol\u00edtica internacional y fundador de la publicaci\u00f3n digital Rebeli\u00f3n, ha concebido este libro como un recorrido guiado por los acontecimientos mundiales que han ocupado las portadas y los editoriales en los \u00faltimos a\u00f1os, as\u00ed como por aquellos que han sido silenciados. Caso a caso (del Katrina a Colombia, de Ruanda a Israel) compara los hechos con sus interpretaciones, desvelando las t\u00e1cticas empleadas por los medios para dirigir la opini\u00f3n p\u00fablica hacia conclusiones interesadas y proponiendo pautas para una lectura m\u00e1s documentada y equidistante. As\u00ed, analiza algunas de las habituales estrategias de la prensa, como la ley de \u00abportada\/silencio\u00bb, la noticia sin contexto, la demonizaci\u00f3n de las v\u00edctimas, la apropiaci\u00f3n del supuesto \u00absentir general\u00bb, la apelaci\u00f3n a expertos sin nombres, la recopilaci\u00f3n del testimonio individual como ilustraci\u00f3n de una realidad, el juicio a priori, el uso de fuentes gubernamentales como si fueran informantes acreditados, la presentaci\u00f3n de la normalidad con tintes de esc\u00e1ndalo, etc.,\u00bb. Todo ello no nos es ajeno en un pa\u00eds como el nuestro en el cual los actores que reclaman el di\u00e1logo est\u00e1n m\u00e1s tiempo en los estudios de los canales de televisi\u00f3n que en sus despachos estudiando los problemas. Esto deber\u00eda hacernos pensar a qui\u00e9nes representan realmente.<br \/>Este hecho que denuncia Serrano respecto de lo que se dice, qui\u00e9n lo dice, c\u00f3mo se dice, cu\u00e1ndo lo dice, funciona como \u00abuna cortina de ruido que los medios de comunicaci\u00f3n interponen entre nosotros y la realidad, para que \u00e9sta sea impenetrable, y tal vez el af\u00e1n por censurar revele en realidad el miedo de quienes intentan dominar la opini\u00f3n p\u00fablica\u00bb Serrano apela a Vicen\u00e7 Navarro, cuando \u00e9ste afirma que: \u00abHay gente de a pie que es mucho m\u00e1s progresista de lo que el establishment desea que sea, y de ah\u00ed este enorme control de la informaci\u00f3n\u00bb\u00bb. Lo estimulante respeto de todo esto es que esa \u201cgente de a pie\u201d est\u00e1 tomando conciencia de las intenciones de toda esta mara\u00f1a informativa. Los datos est\u00e1n corroborando que se est\u00e1 produciendo una migraci\u00f3n de lectores que se van de los grandes medios hacia las expresiones alternativas del periodismo digital. El proyecto de ley, que ya he mencionado en la nota anterior, de aprobarse, podr\u00eda ampliar el espectro de la informaci\u00f3n para que el tan mentado di\u00e1logo encuentre una variedad de canales en los que puedan o\u00edrse la multiplicidad de voces de la sociedad civil. Es el modo de evitar que sigamos pensando y comentando s\u00f3lo los temas que los grandes medios colocan dentro de la agenda diaria.<\/p>\n","protected":false},"excerpt":{"rendered":"<p>Si el di\u00e1logo es el elemento fundante de los procesos democr\u00e1ticos, en \u00e9ste deben participar todos con las mejores intenciones. Claro est\u00e1 esto no pasa de ser un buen deseo que la realidad se encarga de voltear. Y, una parte importante de ello sucede por la concentraci\u00f3n en pocas manos de la palabra p\u00fablica. Por [&hellip;]<\/p>\n","protected":false},"author":1,"featured_media":0,"comment_status":"open","ping_status":"open","sticky":false,"template":"","format":"standard","meta":{"footnotes":""},"categories":[1],"tags":[],"class_list":["post-577","post","type-post","status-publish","format-standard","hentry","category-sin-categoria"],"_links":{"self":[{"href":"https:\/\/ricardovicentelopez.com.ar\/index.php?rest_route=\/wp\/v2\/posts\/577","targetHints":{"allow":["GET"]}}],"collection":[{"href":"https:\/\/ricardovicentelopez.com.ar\/index.php?rest_route=\/wp\/v2\/posts"}],"about":[{"href":"https:\/\/ricardovicentelopez.com.ar\/index.php?rest_route=\/wp\/v2\/types\/post"}],"author":[{"embeddable":true,"href":"https:\/\/ricardovicentelopez.com.ar\/index.php?rest_route=\/wp\/v2\/users\/1"}],"replies":[{"embeddable":true,"href":"https:\/\/ricardovicentelopez.com.ar\/index.php?rest_route=%2Fwp%2Fv2%2Fcomments&post=577"}],"version-history":[{"count":0,"href":"https:\/\/ricardovicentelopez.com.ar\/index.php?rest_route=\/wp\/v2\/posts\/577\/revisions"}],"wp:attachment":[{"href":"https:\/\/ricardovicentelopez.com.ar\/index.php?rest_route=%2Fwp%2Fv2%2Fmedia&parent=577"}],"wp:term":[{"taxonomy":"category","embeddable":true,"href":"https:\/\/ricardovicentelopez.com.ar\/index.php?rest_route=%2Fwp%2Fv2%2Fcategories&post=577"},{"taxonomy":"post_tag","embeddable":true,"href":"https:\/\/ricardovicentelopez.com.ar\/index.php?rest_route=%2Fwp%2Fv2%2Ftags&post=577"}],"curies":[{"name":"wp","href":"https:\/\/api.w.org\/{rel}","templated":true}]}}