{"id":576,"date":"2009-07-26T15:57:00","date_gmt":"2009-07-26T15:57:00","guid":{"rendered":"http:\/\/ricardovicentelopez.com.ar\/?p=576"},"modified":"2015-03-21T15:21:23","modified_gmt":"2015-03-21T15:21:23","slug":"comencemos-a-dialogar-dime-como-hablas","status":"publish","type":"post","link":"https:\/\/ricardovicentelopez.com.ar\/?p=576","title":{"rendered":"Comencemos a dialogar &#8211; Dime c\u00f3mo hablas&#8230;"},"content":{"rendered":"<p>Un tema insoslayable cuando de di\u00e1logo se trata es el problema del lenguaje. Para todo aquel, como es mi caso, que est\u00e1 relacionado con j\u00f3venes continuamente no puede dejar de horrorizarse por el uso del idioma que se observa en el lenguaje coloquial. La pobreza de palabras es un dato importante. La Real Academia Espa\u00f1ola sostuvo, a partir de un estudio que realiz\u00f3, que nuestra lengua se compone de una cantidad aproximada a los treinta mil vocablos, de ellos el habla culta, concepto un tanto ambiguo pero que podemos entender a que hace referencia, utiliza entre tres mil y cinco mil palabras. El lenguaje period\u00edstico no maneja m\u00e1s de mil y el lenguaje cotidiano una quinientas. El de los j\u00f3venes no m\u00e1s de doscientas cincuenta. L\u00e1stima que no estudiaron cu\u00e1ntas utilizan muchos personajes de la televisi\u00f3n, y c\u00f3mo las utilizan. Probablemente el est\u00f3mago de los acad\u00e9micos espa\u00f1oles no pudo soportar tal indigesti\u00f3n.<br \/>Esto puede parecer un modo peyorativo de referirse al habla de la gente en general, pero debe tenerse en cuenta que el pensamiento se maneja con conceptos, raz\u00f3n por la cual a mayor cantidad de ellos mayor ser\u00e1 la riqueza de ideas que pueda producir, dicho de otro modo: la pobreza de palabras muestra pobreza de pensamiento. No debe interpretarse lo que digo como un ataque a los j\u00f3venes, ellos no son m\u00e1s que el resultado del mundo en el que nacen. Ellos son las v\u00edctimas, perm\u00edtaseme esta expresi\u00f3n, de nuestro desinter\u00e9s por este tema. Nuestra generaci\u00f3n, la anterior, y las que siguen, no han mostrado mayor inter\u00e9s en este problema. S\u00f3lo se escandalizan cuando se publican los resultados de ex\u00e1menes de ingreso a alguna facultad y se comentan, hasta con cierta jocosidad, las barbaridades que se escriben. Sin embargo, cuando se toma conciencia de los rating de algunos programas, lo que equivale a millones de personas que los ven, debemos reparar en c\u00f3mo se habla en ellos u cu\u00e1les son nuestra respuestas ante ese tema.<br \/>Debemos agregar otro tema que est\u00e1 ligado a lo dicho. Diego Rosemberg comenta la publicaci\u00f3n que ha hecho la Universidad Nacional de General Sarmiento de un diccionario que presenta 1.300 neologismos extra\u00eddos de la prensa nacional entre 2003 y 2005. Aparecen una cantidad de vocablos referidos a la econom\u00eda y a los derechos humanos. \u00abSu an\u00e1lisis permite leer los cambios sociales, las tensiones pol\u00edticas y las modas que atravesaron el pa\u00eds en los \u00faltimos a\u00f1os\u00bb. Andre\u00edna Adelstein, coautora de este estudio, dice que \u00abEl trabajo revela la sociedad post crisis\u00bb, y habla de cu\u00e1les han sido las preocupaciones m\u00e1s importantes que quedan reflejadas en los nuevos vocablos: \u00abLa cantidad de nuevos t\u00e9rminos econ\u00f3micos que se incluyeron en del lenguaje cotidiano habla de la importancia que tuvieron las finanzas en todos estos a\u00f1os. \u201cRiesgo pa\u00eds\u201d, \u201cdefault\u201d, \u201cmegacanje\u201d, \u201ctercerizaci\u00f3n\u201d, \u201cformador de precios\u201d, \u201cbase monetaria\u201d, \u201ccuasimoneda\u201d, \u201coff shore, \u201choldout\u201d, son apenas un pu\u00f1ado de ejemplos que se suman a otros preexistentes\u00bb. Hay muchos otros que ya se utilizaban pero que las investigadoras consideran tambi\u00e9n son neologismos por no haber sido incluidos en ning\u00fan tipo de diccionario de espa\u00f1ol o de argentinismos hasta esta publicaci\u00f3n, como son los casos de \u201chiperinflaci\u00f3n\u201d, \u201cdeuda externa\u201d, \u201cconvertibilidad\u201d o \u201cmicrocr\u00e9dito\u201d.<br \/>Cuando, en una nota anterior, yo se\u00f1alaba los cambios en los valores de nuestra cultura debemos ver ahora como ellos quedan claros en esta nueva terminolog\u00eda y preguntarnos: \u00bfQu\u00e9 significa que empiecen a utilizarse de forma cotidiana todos estos neologismos? \u00bfCu\u00e1les son las preocupaciones que refleja el habla de los argentinos al expresarse con estos vocablos? \u00bfCu\u00e1l ha sido la sustituci\u00f3n de valores, cu\u00e1les por cu\u00e1les otros? Tal vez podamos encontrar all\u00ed una pista de lo dicho m\u00e1s arriba. Otro dato altamente significativo es lo que se\u00f1ala In\u00e9s Kuguel, otra de las investigadoras: \u00abCuando consultamos a algunos economistas para que nos especifiquen las definiciones de estos neologismos, nos comentaban que la primera vez que los hab\u00edan visto no fue en los diarios, sino en los documentos que hac\u00edan circular los organismos internacionales para sugerir las pol\u00edticas que se deb\u00edan aplicar en el pa\u00eds\u00bb, equivale a decir que la utilizaci\u00f3n de esos neologismos se debe a la lectura de documentos producidos en organismos internacionales financieros cuyos objetivos tienen fines muy claros. Dime qu\u00e9 palabras utilizas y te dir\u00e9 a qu\u00e9 intereses respondes\u2026<br \/>Y una perlita m\u00e1s, en su \u00faltima visita a Argentina, la periodista canadiense Naomi Klein manifest\u00f3 que: \u00abEl ex ministro de Econom\u00eda Domingo Cavallo le hab\u00eda admitido en una entrevista que a los capitalistas les entusiasma que la poblaci\u00f3n tenga miedo en situaciones de crisis porque pueden avanzar m\u00e1s f\u00e1cilmente con sus programas y sacar mayores ventajas\u00bb. No parece casual, entonces, que las investigadoras hayan descubierto que buena parte de estos nuevos t\u00e9rminos connotan pesimismo y sensaciones de temor. Esta afirmaci\u00f3n debe ser largamente repensada.<br \/>En el conflicto desatado el pasado a\u00f1o por la implementaci\u00f3n de las retenciones m\u00f3viles result\u00f3 interesante, para estas investigadoras, analizar \u00abc\u00f3mo algunos medios fijaban posici\u00f3n utilizando la palabra \u201cparo\u201d o la expresi\u00f3n \u201clock out\u201d, seg\u00fan editorializaban a favor de los ruralistas o del gobierno respectivamente. Tambi\u00e9n fue sustancioso observar c\u00f3mo comenz\u00f3 a expandirse el neologismo \u201cagronegocio\u201d. Hasta hace unos a\u00f1os, los economistas argentinos hablaban de \u201cagricultura\u201d para designar a una rama de la econom\u00eda\u2026  el neologismo \u201cagronegocio\u201d, un t\u00e9rmino que fue propalado con admiraci\u00f3n por los suplementos rurales de los diarios, parece ostentar atributos positivos de modernidad y encierra en su connotaci\u00f3n una forma de explotaci\u00f3n rural que incluye a los fondos de inversi\u00f3n (buitres o golondrinas, seg\u00fan quien los mire), los \u201cpools\u201d de siembra, los fideicomisos y las semillas trang\u00e9nicas\u00bb.<br \/>En esta demanda de m\u00e1s di\u00e1logo ser\u00eda importante reparar en c\u00f3mo hablamos y con que lenguaje nos expresamos.<\/p>\n","protected":false},"excerpt":{"rendered":"<p>Un tema insoslayable cuando de di\u00e1logo se trata es el problema del lenguaje. Para todo aquel, como es mi caso, que est\u00e1 relacionado con j\u00f3venes continuamente no puede dejar de horrorizarse por el uso del idioma que se observa en el lenguaje coloquial. La pobreza de palabras es un dato importante. La Real Academia Espa\u00f1ola [&hellip;]<\/p>\n","protected":false},"author":1,"featured_media":0,"comment_status":"open","ping_status":"open","sticky":false,"template":"","format":"standard","meta":{"footnotes":""},"categories":[1],"tags":[],"class_list":["post-576","post","type-post","status-publish","format-standard","hentry","category-sin-categoria"],"_links":{"self":[{"href":"https:\/\/ricardovicentelopez.com.ar\/index.php?rest_route=\/wp\/v2\/posts\/576","targetHints":{"allow":["GET"]}}],"collection":[{"href":"https:\/\/ricardovicentelopez.com.ar\/index.php?rest_route=\/wp\/v2\/posts"}],"about":[{"href":"https:\/\/ricardovicentelopez.com.ar\/index.php?rest_route=\/wp\/v2\/types\/post"}],"author":[{"embeddable":true,"href":"https:\/\/ricardovicentelopez.com.ar\/index.php?rest_route=\/wp\/v2\/users\/1"}],"replies":[{"embeddable":true,"href":"https:\/\/ricardovicentelopez.com.ar\/index.php?rest_route=%2Fwp%2Fv2%2Fcomments&post=576"}],"version-history":[{"count":0,"href":"https:\/\/ricardovicentelopez.com.ar\/index.php?rest_route=\/wp\/v2\/posts\/576\/revisions"}],"wp:attachment":[{"href":"https:\/\/ricardovicentelopez.com.ar\/index.php?rest_route=%2Fwp%2Fv2%2Fmedia&parent=576"}],"wp:term":[{"taxonomy":"category","embeddable":true,"href":"https:\/\/ricardovicentelopez.com.ar\/index.php?rest_route=%2Fwp%2Fv2%2Fcategories&post=576"},{"taxonomy":"post_tag","embeddable":true,"href":"https:\/\/ricardovicentelopez.com.ar\/index.php?rest_route=%2Fwp%2Fv2%2Ftags&post=576"}],"curies":[{"name":"wp","href":"https:\/\/api.w.org\/{rel}","templated":true}]}}