{"id":575,"date":"2009-07-30T12:46:00","date_gmt":"2009-07-30T12:46:00","guid":{"rendered":"http:\/\/ricardovicentelopez.com.ar\/?p=575"},"modified":"2015-03-21T15:21:23","modified_gmt":"2015-03-21T15:21:23","slug":"comencemos-a-dialogar-estando-atentos","status":"publish","type":"post","link":"https:\/\/ricardovicentelopez.com.ar\/?p=575","title":{"rendered":"Comencemos a dialogar \u2013 Estando atentos"},"content":{"rendered":"<p>No pocas veces la historia nos ense\u00f1a cosas que hoy aparecen ocultas, verdades evidentes que el f\u00e1rrago de la informaci\u00f3n cotidiana va tapando con una espesa capa de hojarasca, raz\u00f3n por la cual permanece invisible para el ciudadano com\u00fan.  El profesor de Historia de la UBA, Fernando G\u00f3mez, ha tenido la feliz idea de colocarnos ante un texto que tiene casi dos siglos, publicado el 4 de julio de 1818 en la ciudad de Buenos Aires en el peri\u00f3dico El Censor. Encabezando una serie de noticias de la \u00e9poca el editor aclara: \u00abSe sabe que es muy dif\u00edcil, si no imposible, descubrir la verdad por medio de la historia: y aprender la historia del tiempo presente por medio de los peri\u00f3dicos es una empresa no menos dif\u00edcil. Sin embargo, referiremos lo que contienen de m\u00e1s importancia estos documentos falibles\u00bb. <br \/>Supongo que quien me lea compartir\u00e1 conmigo la sorpresa de que, desde hace ya tanto tiempo, estaba claro que los medios no comunican la verdad sino una versi\u00f3n de ella, en el mejor de los casos. As\u00ed como de lo documentos de la historia ning\u00fan investigador sostendr\u00eda, sin pudor, que lo que nos va a narrar como historia no es sino una interpretaci\u00f3n suya de los hechos, mucha mayor raz\u00f3n ser\u00eda suponer lo mismo del periodista. \u00abSin embargo, tambi\u00e9n est\u00e1 claro que la mayor\u00eda de los  lectores de diarios en nuestro pa\u00eds est\u00e1n muy lejos de sospechar del contenido que los cautiva cada ma\u00f1ana\u00bb, nos dice el profesor. Si nos preguntamos por qu\u00e9 raz\u00f3n deber\u00edamos dudar nos contesta: \u00abGran parte de los medios de comunicaci\u00f3n no se cansan de instalar su propia autocalificaci\u00f3n de \u201cindependiente\u201d demostrando as\u00ed c\u00f3mo les gustar\u00eda que se los piense. De este modo, en la medida que logran instalar esta independencia nos encontramos ante un triunfo de los intereses que esos medios impulsan\u00bb. Esto es lo que me parece un verdadero triunfo de esos medios masivos: una gran parte del p\u00fablico consumidor de informaci\u00f3n elabora sus ideas y sus diagn\u00f3sticos de la realidad de nuestro pa\u00eds a partir de la informaci\u00f3n que reciben de esas fuentes.<br \/>Nos da este ejemplo para clarar lo que nos est\u00e1 diciendo: \u00abActualmente, cuando se espera con ansias la nueva ley de radiodifusi\u00f3n, ya circulan propagandas con comentarios de \u201cgente como uno\u201d que parad\u00f3jicamente imponen el mensaje de no perder su capacidad de elegir. De esta manera, los intereses econ\u00f3micos y pol\u00edticos de los medios de comunicaci\u00f3n no se ponen en discusi\u00f3n, escondi\u00e9ndose detr\u00e1s de una militada independencia y detr\u00e1s de un firme manejo de la publicidad\u00bb. Lo que podr\u00eda resultar extra\u00f1o es que la Ley, de aprobarse, tender\u00eda a garantizar un abanico de opciones mucho m\u00e1s amplio del que hoy tenemos. Sin embargo, la intenci\u00f3n de la campa\u00f1a publicitaria que se opone a esa Ley nos est\u00e1 hablando de que no permitamos que se nos impida nuestra capacidad de elegir. Esa capacidad de elegir se nos ofrece entre los medios concentrados que responden a una serie de intereses econ\u00f3micos que coinciden, en lo fundamental, con el pa\u00eds que necesitan para preservar sus privilegios.<br \/>El tan mentado di\u00e1logo que, con machacona insistencia, pudimos o\u00edr en la campa\u00f1a electoral reciente comienza a mostrar las resistencias que le oponen algunos de aquellos, cada uno con sus aristas propias que van desde la desconfianza hasta la intenci\u00f3n de imponer una agenda propia. Esto lo lleva al profesor a decir: \u00abNos encontramos entonces con un serio problema de comunicaci\u00f3n. Laberinto por momentos sin salida donde cada anuncio desde el Gobierno se escucha con suspicacia, escepticismo e incredulidad. M\u00e1s tarde llegan las interpretaciones proped\u00e9uticas de ciertos analistas pol\u00edticos, por cierto analistas \u201cindependientes\u201d, que develan cual enigma lo que no se dijo pero esconde dicho anuncio. Lamentablemente no habr\u00e1 exegetas de estos exegetas y la construcci\u00f3n medi\u00e1tica prevalece habitualmente sin mayores escollos en las capas medias\u00bb. <br \/>Esto no debe pasar inadvertido, porque de la claridad que podamos tener respecto de qu\u00e9 es lo que se dice que se quiere y qu\u00e9 es lo que realmente se exige, nos permitir\u00e1 tener una posici\u00f3n m\u00e1s realista respecto de un tema en el que se est\u00e1 jugando nuestro destino nacional. \u00abEl desaf\u00edo comunicacional pasa en estas circunstancias por instalar la sospecha del discurso de los medios, que nos lleve simplemente a intentar una lectura cr\u00edtica y desafiante de los peri\u00f3dicos ya que, como termina la cita con la que comenzamos, siguen siendo \u201cfalibles\u201d\u00bb, cuando no tendenciosos y mal intencionados, agrego yo.<\/p>\n","protected":false},"excerpt":{"rendered":"<p>No pocas veces la historia nos ense\u00f1a cosas que hoy aparecen ocultas, verdades evidentes que el f\u00e1rrago de la informaci\u00f3n cotidiana va tapando con una espesa capa de hojarasca, raz\u00f3n por la cual permanece invisible para el ciudadano com\u00fan. El profesor de Historia de la UBA, Fernando G\u00f3mez, ha tenido la feliz idea de colocarnos [&hellip;]<\/p>\n","protected":false},"author":1,"featured_media":0,"comment_status":"open","ping_status":"open","sticky":false,"template":"","format":"standard","meta":{"footnotes":""},"categories":[1],"tags":[],"class_list":["post-575","post","type-post","status-publish","format-standard","hentry","category-sin-categoria"],"_links":{"self":[{"href":"https:\/\/ricardovicentelopez.com.ar\/index.php?rest_route=\/wp\/v2\/posts\/575","targetHints":{"allow":["GET"]}}],"collection":[{"href":"https:\/\/ricardovicentelopez.com.ar\/index.php?rest_route=\/wp\/v2\/posts"}],"about":[{"href":"https:\/\/ricardovicentelopez.com.ar\/index.php?rest_route=\/wp\/v2\/types\/post"}],"author":[{"embeddable":true,"href":"https:\/\/ricardovicentelopez.com.ar\/index.php?rest_route=\/wp\/v2\/users\/1"}],"replies":[{"embeddable":true,"href":"https:\/\/ricardovicentelopez.com.ar\/index.php?rest_route=%2Fwp%2Fv2%2Fcomments&post=575"}],"version-history":[{"count":0,"href":"https:\/\/ricardovicentelopez.com.ar\/index.php?rest_route=\/wp\/v2\/posts\/575\/revisions"}],"wp:attachment":[{"href":"https:\/\/ricardovicentelopez.com.ar\/index.php?rest_route=%2Fwp%2Fv2%2Fmedia&parent=575"}],"wp:term":[{"taxonomy":"category","embeddable":true,"href":"https:\/\/ricardovicentelopez.com.ar\/index.php?rest_route=%2Fwp%2Fv2%2Fcategories&post=575"},{"taxonomy":"post_tag","embeddable":true,"href":"https:\/\/ricardovicentelopez.com.ar\/index.php?rest_route=%2Fwp%2Fv2%2Ftags&post=575"}],"curies":[{"name":"wp","href":"https:\/\/api.w.org\/{rel}","templated":true}]}}