{"id":574,"date":"2009-08-02T12:40:00","date_gmt":"2009-08-02T12:40:00","guid":{"rendered":"http:\/\/ricardovicentelopez.com.ar\/?p=574"},"modified":"2015-03-21T15:21:23","modified_gmt":"2015-03-21T15:21:23","slug":"comencemos-a-dialogar-sin-olvidos-de-lo-realizado","status":"publish","type":"post","link":"https:\/\/ricardovicentelopez.com.ar\/?p=574","title":{"rendered":"Comencemos a dialogar \u2013 Sin olvidos de lo realizado\u2026"},"content":{"rendered":"<p>Despu\u00e9s de un per\u00edodo de mucho reconocimiento (2003-2007) el gobierno comenz\u00f3 a caer en la consideraci\u00f3n p\u00fablica, por errores propios y por el c\u00ednico cuestionamiento de la oposici\u00f3n (ac\u00e1 aparece un primer olvido respecto de qui\u00e9nes son los que critican, como si no tuvieran pasado). El balance de lo realizado, que debe computar lo positivo y los errores o culpas, debe hacerse con la mayor honestidad de parte de los que a esta altura, si empeoran las cosas, tenemos m\u00e1s que perder que ganar. Las cr\u00edticas, en momentos como estos, deben hacerse con un ojo puesto en los que nos aplauden cuando las hacemos.  Se cuenta que el diputado socialista franc\u00e9s, Jean Jaures, pronunciando un discurso en el parlamento de Francia se vi interrumpido por los aplausos de la bancada opositora. Se detuvo y se dijo en voz altas: \u00ab\u00a1Qu\u00e9 estupideces estar\u00e1s diciendo viejo decr\u00e9pito que la derecha te festeja!\u00bb. <br \/>Podemos ver como la pobreza ocupa de pronto los titulares de los medios concentrados. Uno, ingenuamente, podr\u00eda pensar en que se han \u201cconvertido\u201d a la caridad. Pero de inmediato nos viene a la mente qui\u00e9nes son y qu\u00e9 defienden como para abandonar la ingenuidad. Esto no debe hacernos perder de vista que los m\u00e1s desprotegidos no han sido los m\u00e1s beneficiados de todo este proceso, que quedan deudas muy importantes. Sin embargo, a pesar de ello hay cosas que se deben rescatar. Si el gobierno hubiera quedado en manos de cualquiera de los candidatos, con posibilidades de acceder en los comicios de estos \u00faltimos a\u00f1os, no se hubieran conseguido. Por ejemplo: los aumentos a los jubilados, la inclusi\u00f3n de una masa importante al cobro de jubilaci\u00f3n, o el monto que fue adquiriendo el salario m\u00ednimo. \u00c9ste \u00faltimo ha llegado a una paridad hist\u00f3rica a la que se fue acercando a partir de 2004.<br \/>No ha sido por casualidad que el debilitamiento del salario m\u00ednimo haya coincidido en los a\u00f1os previos con el aumento de la desigualdad. El logro de haber reinstalado una comisi\u00f3n tripartita para definir el piso salarial desde aquel a\u00f1o busc\u00f3 garantizar que los beneficios del crecimiento tambi\u00e9n alcanzaran a los trabajadores fuera de convenio. As\u00ed, al objetivo original del instrumento se sum\u00f3 el de cumplir un papel ordenador del ingreso: evitar que, en la fase de crecimiento, si bien no resolvi\u00f3 la desigualdad por lo menos evit\u00f3 que la brecha siguiera profundiz\u00e1ndose. Se puede leer que: Seg\u00fan un trabajo del especialista Andr\u00e9s Marinakis, Especialista en Pol\u00edticas del Mercado de Trabajo e Instituciones Laborales, Economista, Universidad de Buenos Aires, sobre las experiencias en el Cono Sur: \u00abEl salario m\u00ednimo logr\u00f3 en Chile uno de los crecimientos m\u00e1s exitosos entre 1990 y 2004, con una mejora real del 93 por ciento. En los \u00faltimos seis a\u00f1os, el crecimiento real del salario m\u00ednimo en la Argentina ha superado el 100 por ciento, incluso partiendo de las estimaciones privadas de precios, m\u00e1s empe\u00f1adas en descalificar las estad\u00edsticas oficiales\u00bb.<br \/>As\u00ed tambi\u00e9n habr\u00e1 que reconocer que aun en este a\u00f1o de vacas flacas se sigui\u00f3 ajustando hacia arriba, que no hubiera ocurrido en el caso de ninguna de las hip\u00f3tesis antes sugeridas. Debo agregar a este juego de pol\u00edtica ficci\u00f3n poder pensar en la hip\u00f3tesis de una elecci\u00f3n presidencial de fin de a\u00f1o, con el triunfo de cualquiera de los candidatos de reemplazo, seg\u00fan las posibilidades actuales  Frente a esto debe colocarse el discurso pertinaz de la oposici\u00f3n que no reconoce m\u00e9rito alguno a estos \u00faltimos a\u00f1os de gobierno. Si, a partir de una actitud m\u00e1s madura, se oyeran cr\u00edticas que aportaran propuestas que se fueran agregando a este tipo de logros se podr\u00eda pensar en un avance que se pudiera esperar del di\u00e1logo. El panorama no muestra signos esperanzadores. M\u00e1s a\u00fan si nos detenemos en analizar las barbaridades dichas por los cuatro jinetes de la Apocalipsis. Han sido de tal magnitud que hasta los propios pol\u00edticos aliados debieron salir a decir que no las compart\u00edan. Esos son parte de los dialogantes. No es muy estimulante ni esperanzador el resultado.<\/p>\n","protected":false},"excerpt":{"rendered":"<p>Despu\u00e9s de un per\u00edodo de mucho reconocimiento (2003-2007) el gobierno comenz\u00f3 a caer en la consideraci\u00f3n p\u00fablica, por errores propios y por el c\u00ednico cuestionamiento de la oposici\u00f3n (ac\u00e1 aparece un primer olvido respecto de qui\u00e9nes son los que critican, como si no tuvieran pasado). El balance de lo realizado, que debe computar lo positivo [&hellip;]<\/p>\n","protected":false},"author":1,"featured_media":0,"comment_status":"open","ping_status":"open","sticky":false,"template":"","format":"standard","meta":{"footnotes":""},"categories":[1],"tags":[],"class_list":["post-574","post","type-post","status-publish","format-standard","hentry","category-sin-categoria"],"_links":{"self":[{"href":"https:\/\/ricardovicentelopez.com.ar\/index.php?rest_route=\/wp\/v2\/posts\/574","targetHints":{"allow":["GET"]}}],"collection":[{"href":"https:\/\/ricardovicentelopez.com.ar\/index.php?rest_route=\/wp\/v2\/posts"}],"about":[{"href":"https:\/\/ricardovicentelopez.com.ar\/index.php?rest_route=\/wp\/v2\/types\/post"}],"author":[{"embeddable":true,"href":"https:\/\/ricardovicentelopez.com.ar\/index.php?rest_route=\/wp\/v2\/users\/1"}],"replies":[{"embeddable":true,"href":"https:\/\/ricardovicentelopez.com.ar\/index.php?rest_route=%2Fwp%2Fv2%2Fcomments&post=574"}],"version-history":[{"count":0,"href":"https:\/\/ricardovicentelopez.com.ar\/index.php?rest_route=\/wp\/v2\/posts\/574\/revisions"}],"wp:attachment":[{"href":"https:\/\/ricardovicentelopez.com.ar\/index.php?rest_route=%2Fwp%2Fv2%2Fmedia&parent=574"}],"wp:term":[{"taxonomy":"category","embeddable":true,"href":"https:\/\/ricardovicentelopez.com.ar\/index.php?rest_route=%2Fwp%2Fv2%2Fcategories&post=574"},{"taxonomy":"post_tag","embeddable":true,"href":"https:\/\/ricardovicentelopez.com.ar\/index.php?rest_route=%2Fwp%2Fv2%2Ftags&post=574"}],"curies":[{"name":"wp","href":"https:\/\/api.w.org\/{rel}","templated":true}]}}