{"id":573,"date":"2009-08-05T12:30:00","date_gmt":"2009-08-05T12:30:00","guid":{"rendered":"http:\/\/ricardovicentelopez.com.ar\/?p=573"},"modified":"2015-03-21T15:21:23","modified_gmt":"2015-03-21T15:21:23","slug":"comencemos-a-dialogar-con-los-que-pretenden-que","status":"publish","type":"post","link":"https:\/\/ricardovicentelopez.com.ar\/?p=573","title":{"rendered":"Comencemos a dialogar \u2013 Con los que pretenden qu\u00e9\u2026"},"content":{"rendered":"<p>Quiero seguir insistiendo sobre ciertos temas y formas de presentarlos que esconden m\u00e1s de lo que muestran. Y voy a seguir apoy\u00e1ndome en Edgardo Mocca porque creo que coloca las cosas en su lugar. Hay dos vocablos que en la pol\u00edtica actual tienden a parecer deste\u00f1idos. Tenemos un arco de posiciones pol\u00edticas que ha cerrado su \u00e1ngulo de apertura, y cada vez se cierra m\u00e1s. Han desaparecido los pol\u00edticos de izquierda (los pocos que asoman la cabeza hablan desde el siglo XIX), hoy puede haber pol\u00edticos que se colocan en el centro-izquierda (no se sabe cu\u00e1nto de centro tienen y cu\u00e1nto de izquierda). Y tambi\u00e9n desaparecieron los pol\u00edticos de la derecha (lo dicho antes tambi\u00e9n vale para estos). Yo prefiero hablar de pol\u00edticos que muestran una clara actitud y pensamiento por defender a los pobres y excluidos y pol\u00edticos que lo hacen en defensa de los intereses concentrados. Claro est\u00e1 que estos \u00faltimos hablan de democracia y republicanismo para esconder sus verdaderas posiciones.<br \/>Por tal raz\u00f3n Mocca dice: \u00abLa derecha suele no hablar claro en la Argentina. Los procesos de reforma neoliberal de los a\u00f1os \u201990 parecen no tener herederos pol\u00edticos ni te\u00f3ricos. Todos \u201cquieren la redistribuci\u00f3n\u201d, aceptan la intervenci\u00f3n del Estado \u201ccuando es necesario\u201d. Simplemente la oposici\u00f3n encarnizada al Gobierno se concentra en la \u201ccaja kirchnerista\u201d, en el \u201csaqueo\u201d estatal de los recursos, en el manejo \u201cpoco republicano\u201d de la cosa p\u00fablica. Por eso es saludable cuando quienes expresan abiertamente los intereses de la \u201cpatria sojera\u201d hablan claro\u00bb. Este es el caso del Sr. H\u00e9ctor A. Huergo, director de Clar\u00edn Rural y productor agropecuario, quien el 4-7-09 escribi\u00f3: \u00abEl resultado electoral es un triunfo contundente de la Argentina Verde y Competitiva. Gan\u00f3 la soja. Gan\u00f3 el modelo del eje Rosario-C\u00f3rdoba, el nuevo centro de gravedad de la econom\u00eda argentina. La sociedad entiende que no se pueden atender las necesidades de los sectores postergados, representados por el eje Matanza-Riachuelo, expoliando al interior genuinamente productivo\u00bb. Es notable el modo de referirse a los productores de la pampa h\u00fameda (el eje Rosario-C\u00f3rdoba) y a los sectores m\u00e1s desprotegidos (el eje Matanza-Riachuelo). Es un an\u00e1lisis de clases pensado geogr\u00e1ficamente. \u00bfY el resto del pa\u00eds no existe?<br \/>Queda claro a quien defiende Clar\u00edn, ya que por boca de uno de sus directores dice con toda claridad quien  gan\u00f3 el 28 de Junio: \u00abGan\u00f3 la soja\u00bb. Bueno acabamos de saber que la soja no es un cultivo es un actor pol\u00edtico que se present\u00f3 a elecciones y que gan\u00f3. Por ello tiene derecho a sentarse en la mesa del di\u00e1logo a exigir que ella es libre, que no acepta restricciones de ninguna naturaleza a su libertad personal (\u00bf?), que exige su derecho a su libertad de expresi\u00f3n (\u00bf?), etc. Aparece un poder que desconoc\u00edamos: el poder de la soja. <br \/>Mocca comenta: \u00abEs de imaginar que semejante ret\u00f3rica incomodar\u00e1 a los bienpensantes que no creen que haya conflictos de fondo en la sociedad argentina y que todo se limita a la incorrecci\u00f3n pol\u00edtica del actual Gobierno. Hay que reconocer, sin embargo, que durante y despu\u00e9s del conflicto agrario los sincericidios estuvieron a la orden del d\u00eda. Como cuando el senador Urqu\u00eda (que obtuvo su banca, hay que decirlo, de la mano de De Vido y de Jaime) dijo en la hist\u00f3rica sesi\u00f3n que debati\u00f3 las retenciones m\u00f3viles que \u201cno es hora de distribuir la torta sino de asegurar que \u00e9sta crezca\u201d. O como cuando Alfredo De Angeli sosten\u00eda inocentemente que federalismo significaba que a cada provincia le fueran restituidos los fondos que aportaba a la naci\u00f3n. Si, alentada por los \u00e9xitos, la lengua de la derecha se sigue soltando, sabremos finalmente en qu\u00e9 consiste su \u201cproyecto alternativo\u201d. Sabremos del regreso de la jerga que hablaban los tecn\u00f3cratas de los organismos internacionales que calificaban como \u201cinviables\u201d a las provincias m\u00e1s pobres del pa\u00eds. Sabremos que la cuenca Matanza-Riachuelo pasar\u00e1 a ocupar excluyentemente el rubro \u201cseguridad\u201d de las pol\u00edticas p\u00fablicas. Terminaremos de comprender en qu\u00e9 consiste el generalizado rechazo del \u201cclientelismo\u201d que atraviesa el discurso del liberalismo de derecha (y no solamente de derecha)\u00bb.<br \/>Estos son algunos de los verdaderos temas que se deber\u00edan \u201cdialogar\u201d: &#8211; qu\u00e9 tipo de desarrollo queremos, -qu\u00e9 modelo de Naci\u00f3n anhelamos, &#8211; qu\u00e9 decimos sobre el glifosato que exige el cultivo de la soja, &#8211; qu\u00e9 pensamos sobre la necesidad de una distribuci\u00f3n de la riqueza m\u00e1s equitativa, &#8211; a quienes se les deber\u00eda exigir que aporten para esa mejor distribuci\u00f3n, etc. Sin embargo se pretende hablar de bajar las retenciones, de subir el valor del d\u00f3lar, de eliminar la intromisi\u00f3n del Estado en el mercado. Entonces, \u00bfno era cierto que el 28 de Junio se votaba por un modelo de pa\u00eds? El Sr. Huergo no nos est\u00e1 diciendo que triunf\u00f3 otro modelo que el que ese est\u00e1 intentando implementar con muchos tropiezos.<\/p>\n","protected":false},"excerpt":{"rendered":"<p>Quiero seguir insistiendo sobre ciertos temas y formas de presentarlos que esconden m\u00e1s de lo que muestran. Y voy a seguir apoy\u00e1ndome en Edgardo Mocca porque creo que coloca las cosas en su lugar. Hay dos vocablos que en la pol\u00edtica actual tienden a parecer deste\u00f1idos. Tenemos un arco de posiciones pol\u00edticas que ha cerrado [&hellip;]<\/p>\n","protected":false},"author":1,"featured_media":0,"comment_status":"open","ping_status":"open","sticky":false,"template":"","format":"standard","meta":{"footnotes":""},"categories":[1],"tags":[],"class_list":["post-573","post","type-post","status-publish","format-standard","hentry","category-sin-categoria"],"_links":{"self":[{"href":"https:\/\/ricardovicentelopez.com.ar\/index.php?rest_route=\/wp\/v2\/posts\/573","targetHints":{"allow":["GET"]}}],"collection":[{"href":"https:\/\/ricardovicentelopez.com.ar\/index.php?rest_route=\/wp\/v2\/posts"}],"about":[{"href":"https:\/\/ricardovicentelopez.com.ar\/index.php?rest_route=\/wp\/v2\/types\/post"}],"author":[{"embeddable":true,"href":"https:\/\/ricardovicentelopez.com.ar\/index.php?rest_route=\/wp\/v2\/users\/1"}],"replies":[{"embeddable":true,"href":"https:\/\/ricardovicentelopez.com.ar\/index.php?rest_route=%2Fwp%2Fv2%2Fcomments&post=573"}],"version-history":[{"count":0,"href":"https:\/\/ricardovicentelopez.com.ar\/index.php?rest_route=\/wp\/v2\/posts\/573\/revisions"}],"wp:attachment":[{"href":"https:\/\/ricardovicentelopez.com.ar\/index.php?rest_route=%2Fwp%2Fv2%2Fmedia&parent=573"}],"wp:term":[{"taxonomy":"category","embeddable":true,"href":"https:\/\/ricardovicentelopez.com.ar\/index.php?rest_route=%2Fwp%2Fv2%2Fcategories&post=573"},{"taxonomy":"post_tag","embeddable":true,"href":"https:\/\/ricardovicentelopez.com.ar\/index.php?rest_route=%2Fwp%2Fv2%2Ftags&post=573"}],"curies":[{"name":"wp","href":"https:\/\/api.w.org\/{rel}","templated":true}]}}