{"id":572,"date":"2009-08-10T11:48:00","date_gmt":"2009-08-10T11:48:00","guid":{"rendered":"http:\/\/ricardovicentelopez.com.ar\/?p=572"},"modified":"2015-03-21T15:21:23","modified_gmt":"2015-03-21T15:21:23","slug":"comencemos-a-dialogar-con-los-que-mienten-y-lloran","status":"publish","type":"post","link":"https:\/\/ricardovicentelopez.com.ar\/?p=572","title":{"rendered":"Comencemos a dialogar \u2013 Con los que mienten y lloran\u2026?"},"content":{"rendered":"<p>Partiendo del an\u00e1lisis que ha publicado Claudio Scaletta, respecto de la situaci\u00f3n de esa entelequia que se ha denominado medi\u00e1ticamente el campo, sin dejar de reconocer que por detr\u00e1s de ese mascar\u00f3n de proa s\u00ed hay productores que no la est\u00e1n pasando bien, se puede ver cu\u00e1l es la situaci\u00f3n real de los due\u00f1os privilegiados de la pampa h\u00fameda. En ellos hay un solo prop\u00f3sito defender a rajatabla las ganancias extraordinarias que reporta la soja, sin reparar en todas las consecuencias que ya se han hecho p\u00fablicas, y que fueron ocultadas por esa alianza mafiosa entre los grandes productores y los grandes medios (Clar\u00edn y La Naci\u00f3n, m\u00e1s el grupo inversor). Por ello no es nada sencillo poder comprender c\u00f3mo es que se ha alineado el ciudadano que vot\u00f3 este 28 de Junio. Leamos:<br \/>\u00abVisto desde la econom\u00eda, las razones de la relaci\u00f3n entre las corporaciones agropecuarias de la Pampa H\u00fameda y la porci\u00f3n mayoritaria de la poblaci\u00f3n que vot\u00f3 a los candidatos que pugnan por representarla son por dem\u00e1s extra\u00f1as. La vulgata que la sustenta afirma esencialmente dos ideas fuerza. La primera es que al campo le va francamente mal. Sostiene que, salvo, quiz\u00e1s, a alg\u00fan gran productor sojero, el resto \u201cya no aguanta m\u00e1s\u201d, algo que en la casi totalidad de los sectores, como por ejemplo la producci\u00f3n l\u00e1ctea, es desmentido por las cifras. No quiere decir que despu\u00e9s de una importante sequ\u00eda y con crisis internacional la situaci\u00f3n sea id\u00edlica, como no lo es para ning\u00fan sector econ\u00f3mico, pero a pesar del discurso lloroso cuando se habla de plata, el \u201ccampo\u201d es, si no el m\u00e1s, uno de los sectores m\u00e1s pr\u00f3speros de la econom\u00eda. La segunda idea es que la riqueza de arrendatarios y terratenientes es la riqueza del pa\u00eds, o sea; la de todos: que por alg\u00fan pase de magia desconocido para la econom\u00eda real, los productos de la tierra se derraman a toda la sociedad\u2026 Que buena parte de la poblaci\u00f3n, no necesariamente la menos ilustrada, crea honestamente estas dos cosas, sobre todo despu\u00e9s de la experiencia pol\u00edtico-econ\u00f3mica del \u00faltimo cuarto del siglo XX, es un verdadero prodigio publicitario. Una corroboraci\u00f3n de que el poder medi\u00e1tico, el \u00fanico jam\u00e1s interpelado, supera lo imaginado\u00bb.<br \/>Este tema se ha convertido en una inc\u00f3gnita que ha atra\u00eddo la atenci\u00f3n de varios investigadores y analistas de distintas universidades que no alcanzan a dar con las razones espec\u00edficas de tal convergencia. Si una de las acusaciones m\u00e1s repetidas contra la actual presidenta es la de \u201csoberbia\u201d, \u00bfqu\u00e9 se deber\u00eda decir de las actitudes y palabras de los cuatro dirigentes visibles de la Mesa de Enlace? \u00abEs \u201cllamativo\u201d, por decirlo de alguna manera, que ning\u00fan medio haya utilizado la misma vara para referirse a las afirmaciones escuchadas en la asamblea del pasado lunes en la Rural. Los discursos de los popes de la Mesa de Enlace, plagados de advertencias y expresiones socarronas, mostraron una soberbia inusitada\u00bb, dice nuestro analista. <br \/>Lo que se dijo, el tono con que se lo hizo y las actitudes frente a un conjunto de \u00abpobres \u201cproductores\u201d acosados por la voracidad del fisco, \u201cun sector al que el Gobierno destruy\u00f3\u201d\u00bb, seg\u00fan sus propias palabras, muestran la falta de pudor que cae en tergiversaciones descaradas de lo que es la realidad de esos \u201cpobres\u201d terratenientes. Lo han llevado al Sr. Biolcati a sostener que: \u00abEn las urnas tambi\u00e9n les ganamos\u00bb, y esta afirmaci\u00f3n no ha merecido ninguna aclaraci\u00f3n de las fuerzas opositoras que han quedado como los mandaderos de los estancieros de siempre. \u00bfTanta es la dependencia de los pol\u00edticos respecto de los medios y de los patrones de estancias? \u00bfTan poca dignidad tienen que no han salido a contestarle y ponerlos en su lugar? Sobre todo cuando hacen gala sin la menor verg\u00fcenza de ser los due\u00f1os del pa\u00eds. Ha quedado demostrado que la Mesa de Enlace est\u00e1 convencida de que la sociedad los vot\u00f3 a ellos y que los candidatos fueron meros prestanombres de sus intereses. <br \/>En estas condiciones no es muy sencillo creerles que quieren dialogar, cuando adelantan a quien quiera o\u00edrlos que ya tienen las lista de demandas y que no est\u00e1n dispuestos a esperar m\u00e1s. Podr\u00edamos parafrasear una vieja consigna: \u00abEn la Argentina de hoy los \u00fanicos privilegiados son los patrones de estancias\u00bb.<\/p>\n","protected":false},"excerpt":{"rendered":"<p>Partiendo del an\u00e1lisis que ha publicado Claudio Scaletta, respecto de la situaci\u00f3n de esa entelequia que se ha denominado medi\u00e1ticamente el campo, sin dejar de reconocer que por detr\u00e1s de ese mascar\u00f3n de proa s\u00ed hay productores que no la est\u00e1n pasando bien, se puede ver cu\u00e1l es la situaci\u00f3n real de los due\u00f1os privilegiados [&hellip;]<\/p>\n","protected":false},"author":1,"featured_media":0,"comment_status":"open","ping_status":"open","sticky":false,"template":"","format":"standard","meta":{"footnotes":""},"categories":[1],"tags":[],"class_list":["post-572","post","type-post","status-publish","format-standard","hentry","category-sin-categoria"],"_links":{"self":[{"href":"https:\/\/ricardovicentelopez.com.ar\/index.php?rest_route=\/wp\/v2\/posts\/572","targetHints":{"allow":["GET"]}}],"collection":[{"href":"https:\/\/ricardovicentelopez.com.ar\/index.php?rest_route=\/wp\/v2\/posts"}],"about":[{"href":"https:\/\/ricardovicentelopez.com.ar\/index.php?rest_route=\/wp\/v2\/types\/post"}],"author":[{"embeddable":true,"href":"https:\/\/ricardovicentelopez.com.ar\/index.php?rest_route=\/wp\/v2\/users\/1"}],"replies":[{"embeddable":true,"href":"https:\/\/ricardovicentelopez.com.ar\/index.php?rest_route=%2Fwp%2Fv2%2Fcomments&post=572"}],"version-history":[{"count":0,"href":"https:\/\/ricardovicentelopez.com.ar\/index.php?rest_route=\/wp\/v2\/posts\/572\/revisions"}],"wp:attachment":[{"href":"https:\/\/ricardovicentelopez.com.ar\/index.php?rest_route=%2Fwp%2Fv2%2Fmedia&parent=572"}],"wp:term":[{"taxonomy":"category","embeddable":true,"href":"https:\/\/ricardovicentelopez.com.ar\/index.php?rest_route=%2Fwp%2Fv2%2Fcategories&post=572"},{"taxonomy":"post_tag","embeddable":true,"href":"https:\/\/ricardovicentelopez.com.ar\/index.php?rest_route=%2Fwp%2Fv2%2Ftags&post=572"}],"curies":[{"name":"wp","href":"https:\/\/api.w.org\/{rel}","templated":true}]}}