{"id":571,"date":"2009-08-11T22:28:00","date_gmt":"2009-08-11T22:28:00","guid":{"rendered":"http:\/\/ricardovicentelopez.com.ar\/?p=571"},"modified":"2015-03-21T15:21:23","modified_gmt":"2015-03-21T15:21:23","slug":"la-hipocresia-no-tiene-limites-i","status":"publish","type":"post","link":"https:\/\/ricardovicentelopez.com.ar\/?p=571","title":{"rendered":"La hipocres\u00eda no tiene l\u00edmites I"},"content":{"rendered":"<p>El tema de la pobreza ha adquirido una notoriedad sorprendente. Pareciera que hay gente que no sab\u00eda que en nuestro pa\u00eds, como en el resto de nuestra Am\u00e9rica, la pobreza sigue siendo una herida profunda que es necesario atender con toda premura. Como una voz que repercuti\u00f3 en todos los medios, y fue recogida por muchos analistas y comentadores (de sospechoso pasado), ha sido la voz de lo que se llama \u201cla Iglesia\u201d (concepto similar a \u201cel campo\u201d) puesto que debiera hablarse de iglesias en plural, voy a recurrir a una comparaci\u00f3n de voces de esas instituciones. <br \/>La agencia informativa del Episcopado, AICA, dice: \u00abEl arzobispo de Buenos Aires y primado de la Argentina, cardenal Jorge Mario Bergoglio, advirti\u00f3 hoy que \u201cvivimos con situaciones de pobreza escandalosa, de falta de trabajo, o estas enfermedades que masivamente, con gripe y dengue, pegan m\u00e1s duro por la falta de justicia\u00bb. As\u00ed lo afirm\u00f3 al presidir la misa central en honor de San Cayetano. \u201cVivimos una situaci\u00f3n muy dif\u00edcil. El mundo de hoy es muy cruel. Primero excluye borrando los rostros de la gente para luego no sentir nada cuando los desprecia y desecha como sobrante. En nuestra Ciudad, lo vemos todos los d\u00edas, hay gente que tiene sitio y cabida, y hay gente que sobra, que son dejados de lado, tirados como verdaderos volquetes existenciales. \u00a1Cu\u00e1nta gente, cada d\u00eda m\u00e1s, duerme en la calle, en plena Plaza de Mayo, en pleno coraz\u00f3n de la Ciudad\u00bb, describi\u00f3\u00bb.<br \/>El sacerdote Eduardo de la Serna, Coordinador del movimiento de sacerdotes en opci\u00f3n por los pobres Carlos Mugica, comenta: \u00abLa pobreza nos duele, remarc\u00f3 con su habitual glamour el presidente de la Sociedad Rural, la pobreza es el tema principal en el di\u00e1logo, destac\u00f3 monse\u00f1or Alcides Casaretto, la pobreza es el tema que ocupa lugar principal en los medios de comunicaci\u00f3n social en nuestros d\u00edas. Demasiada insistencia en tan poco tiempo para ser casual. \u00bfQu\u00e9 ocurri\u00f3? \u00bfDe golpe descubrieron a los pobres aquellos que ayer los ignoraban? \u00bfSer\u00e1 que \u201cayer\u201d no hab\u00eda pobres y los hay desde poco despu\u00e9s de las elecciones? \u00bfSer\u00e1 que algo ocurri\u00f3 puntualmente para que el tema se desencadenara? Demasiadas casualidades, que nunca son inocentes en pol\u00edtica. Que en Argentina haya pobres es realmente un esc\u00e1ndalo. Que haya uno solo, lo es. Pero miremos un poco m\u00e1s. Personalmente ya me llam\u00f3 la atenci\u00f3n que un diario destacara, semanas atr\u00e1s, que los chicos pobres com\u00edan cuises, algo que es remedo de lo que dec\u00edan los diarios en el 2002 (\u201ccaballos, ratas y sapos\u201d, dec\u00edan entonces). Insistencia en el di\u00e1logo, esc\u00e1ndalo de la pobreza, gravedad de la situaci\u00f3n de los pobres, temas remanidos&#8230; \u00bfser\u00e1 que \u201calguien\u201d nos quiere decir que estamos como en el 2001-2002?; \u00bfser\u00e1 que ese\/esos \u201calguien\u201d quiere\/n alentar el imaginario para que no nos \u201cescandalice\u201d sino que deseemos que un gobierno constitucional \u201cno termine\u201d?\u00bb.<br \/>Este cristiano comprometido con el dolor de los pobres, y as\u00ed lo testimonia su vida, profundiza m\u00e1s el tema y se pregunta: \u00abAhora bien, \u00bfpor qu\u00e9 hay pobres? Esa es la pregunta fundamental. Por eso me parece totalmente empobrecedora la palabra \u201cexcluidos\u201d, lo he dicho en otras ocasiones: porque \u201cexcluidos\u201d no implica \u201cexcluidores\u201d, porque nunca hay \u201cresponsables\u201d. Porque los pobres en Argentina no son pobres por vivir en un pa\u00eds pobre (\u00bfhay en el mundo muchos pa\u00edses m\u00e1s ricos que la Argentina?). Entonces, preguntarse \u201cpor qu\u00e9 hay pobres\u201d es el paso fundamental para enfrentar el esc\u00e1ndalo. Sin una seria respuesta a esa pregunta, todo es teatro. O burla. \u00bfCu\u00e1les son las causas de la pobreza? \u00bfNo tiene nada que ver en la raz\u00f3n de que haya tantos muy pobres, el hecho de que haya pocos tan ricos? Y para que nadie me acuse de \u201cneo-marxista\u201d recuerdo que la frase \u201clos ricos son cada vez m\u00e1s ricos a costa de pobres cada vez m\u00e1s pobres\u201d pertenece a Juan Pablo II. \u00a1Ah!, y la frase \u201cimperialismo internacional del dinero\u201d fue dicha por Pio XI\u00bb.<br \/>Contin\u00faa con otra pregunta: \u00ab\u00bfQu\u00e9 es el esc\u00e1ndalo?\u00bb Y su respuesta es de una dureza que llama la atenci\u00f3n en un cura, no por lo que dice, sino por su atrevimiento a decirlo: \u00abEn nombre del \u201cesc\u00e1ndalo\u201d muchas veces en la Iglesia se \u201cesconden\u201d curas pederastas, para que no haya \u201cesc\u00e1ndalo\u201d, o se cuestiona al periodista que muestra aquello que escandaliza, como un torturador \u201crelocalizado\u201d en Chile. En realidad, fijando el ojo, el esc\u00e1ndalo no lo provocan los que muestran lo que escandaliza, sino quienes lo obran: los ped\u00f3filos, los torturadores, los miembros de la instituci\u00f3n eclesi\u00e1stica que se muestran con \u201crelaciones carnales\u201d con el poder econ\u00f3mico o pol\u00edtico\u00bb. Responde a tanta hipocres\u00eda con su testimonio: \u00abAhora bien, si miramos as\u00ed, en lo personal, la pobreza no me escandaliza. La pobreza me compromete, me impulsa a hacer lo m\u00e1s que s\u00e9 y puedo para enfrentar la injusticia que la provoca. En lo personal, lo que me impide caminar, lo que me parece que es una trampa en el camino es la riqueza. La ostentaci\u00f3n, pornogr\u00e1fica con frecuencia, es lo que escandaliza. Los injustos, los victimarios me escandalizan. Y quienes son c\u00f3mplices, aduladores, o difusores. Lo que es un esc\u00e1ndalo es la riqueza, \u00a1no la pobreza!\u00bb.<br \/>Ante tales palabras no puedo agregar nada, s\u00f3lo reproducirlas para que otros las lean.<\/p>\n","protected":false},"excerpt":{"rendered":"<p>El tema de la pobreza ha adquirido una notoriedad sorprendente. Pareciera que hay gente que no sab\u00eda que en nuestro pa\u00eds, como en el resto de nuestra Am\u00e9rica, la pobreza sigue siendo una herida profunda que es necesario atender con toda premura. Como una voz que repercuti\u00f3 en todos los medios, y fue recogida por [&hellip;]<\/p>\n","protected":false},"author":1,"featured_media":0,"comment_status":"open","ping_status":"open","sticky":false,"template":"","format":"standard","meta":{"footnotes":""},"categories":[1],"tags":[],"class_list":["post-571","post","type-post","status-publish","format-standard","hentry","category-sin-categoria"],"_links":{"self":[{"href":"https:\/\/ricardovicentelopez.com.ar\/index.php?rest_route=\/wp\/v2\/posts\/571","targetHints":{"allow":["GET"]}}],"collection":[{"href":"https:\/\/ricardovicentelopez.com.ar\/index.php?rest_route=\/wp\/v2\/posts"}],"about":[{"href":"https:\/\/ricardovicentelopez.com.ar\/index.php?rest_route=\/wp\/v2\/types\/post"}],"author":[{"embeddable":true,"href":"https:\/\/ricardovicentelopez.com.ar\/index.php?rest_route=\/wp\/v2\/users\/1"}],"replies":[{"embeddable":true,"href":"https:\/\/ricardovicentelopez.com.ar\/index.php?rest_route=%2Fwp%2Fv2%2Fcomments&post=571"}],"version-history":[{"count":0,"href":"https:\/\/ricardovicentelopez.com.ar\/index.php?rest_route=\/wp\/v2\/posts\/571\/revisions"}],"wp:attachment":[{"href":"https:\/\/ricardovicentelopez.com.ar\/index.php?rest_route=%2Fwp%2Fv2%2Fmedia&parent=571"}],"wp:term":[{"taxonomy":"category","embeddable":true,"href":"https:\/\/ricardovicentelopez.com.ar\/index.php?rest_route=%2Fwp%2Fv2%2Fcategories&post=571"},{"taxonomy":"post_tag","embeddable":true,"href":"https:\/\/ricardovicentelopez.com.ar\/index.php?rest_route=%2Fwp%2Fv2%2Ftags&post=571"}],"curies":[{"name":"wp","href":"https:\/\/api.w.org\/{rel}","templated":true}]}}