{"id":569,"date":"2009-08-18T12:41:00","date_gmt":"2009-08-18T12:41:00","guid":{"rendered":"http:\/\/ricardovicentelopez.com.ar\/?p=569"},"modified":"2015-03-21T15:21:23","modified_gmt":"2015-03-21T15:21:23","slug":"la-hipocresia-no-tiene-limites-iii","status":"publish","type":"post","link":"https:\/\/ricardovicentelopez.com.ar\/?p=569","title":{"rendered":"La hipocres\u00eda no tiene l\u00edmites III"},"content":{"rendered":"<p>Que en la Argentina hay pobreza y que \u00e9sta puede haber crecido en este \u00faltimo a\u00f1o es perfectamente aceptable. Y que esto se debe a graves deficiencias del gobierno que podemos clasificar como falta de claridad respecto de la elecci\u00f3n de los mecanismos a trav\u00e9s de los cuales la ayuda llegue a donde debe, incapacidad operativa de los organismos, corrupci\u00f3n en las instancias intermedias, manejo espurio de los \u201cpunteros\u201d, etc. Un dirigente de provincia sostuvo que de cada diez pesos que el gobierno central manda llega a destino s\u00f3lo dos. Hay ocho que se quedan en el camino. Hasta aqu\u00ed diagn\u00f3stico.<br \/>Es importante poder analizar de d\u00f3nde provienen estos males, cu\u00e1nto hace que est\u00e1n enquistados en la administraci\u00f3n p\u00fablica de todos los niveles, para poder repartir culpas con cierta equidad. Esto es imprescindible hacerlo y lo antes posible. Lo que me preocupa, siguiendo el pensamiento del cura Eduardo de la Serna, es que el momento parece propicio para hablar de la pobreza como si fuera un tema coyuntural, porque como tal a cubierto las primeras p\u00e1ginas de los medios concentrados. Y digo esto por lo que qued\u00f3 dicho en las notas anteriores, que el tema aparece en boca de quienes no lo hab\u00edan visto hasta ahora, si lo hab\u00edan visto \u00bfpor qu\u00e9 lo dicen reci\u00e9n ahora? Y esas voces, todas, tienen historia que no se debe olvidar. Para colocar una figura paradigm\u00e1tica el Sr. Biolcati, presidente de una entidad de trist\u00edsima historia, anotada en todos los golpes militares que se han producido desde 1930 para ac\u00e1, se atreve a decir, como nos recuerda el cura: \u00aben los discursos en la Sociedad Rural diciendo \u201cpor ahora\u201d no cortamos puentes, defendiendo a Mart\u00ednez de Hoz, y creando evidente clima destituyente\u00bb Esto es preocupante. La advertencia de \u201cpor ahora\u201d m\u00e1s la cr\u00edtica al gobierno y a la oposici\u00f3n de que no se han dado cuenta de que el 28 de Junio \u00abganamos nosotros\u00bb, \u00bfellos? \u00bfqui\u00e9n los vot\u00f3?<br \/>Ante esto de la Serna dice que no lo escandaliza la pobreza: \u00abme escandaliza que mientras aumentan los pobres, los ricos sean diputados, o jefes de gobierno, o manejen medios y la opini\u00f3n p\u00fablica. No me escandaliza ver al pobre a la cara y llamarlo por su nombre, me escandaliza ver a sectores de la Iglesia de Jes\u00fas, el Mes\u00edas de los pobres, e Iglesia de los pobres, cercana de los responsables de la pobreza\u00bb. Por ello recuerda: \u00abEs curioso: los obispos argentinos nunca pusieron al arzobispo de La Plata, H\u00e9ctor Aguer en ninguna comisi\u00f3n episcopal, y justo en estos momentos dif\u00edciles, lo eligen presidente de la comisi\u00f3n episcopal de Educaci\u00f3n, como queriendo \u201cmarcarle la cancha\u201d al Gobierno en un campo tan espec\u00edfico y sensible a antiguas conferencias episcopales. No hace falta recordar que durante las dictaduras el Ministro de Educaci\u00f3n era consensuado con el Episcopado, y lo mismo se hizo en los gobiernos democr\u00e1ticos sucesivos. Elegir para ese cargo episcopal a un obispo con evidente vocaci\u00f3n de cruzado, es obviamente para \u201ccruzar\u201d al gobierno en este tema. Su referencia en sus dos declaraciones de hace un mes y la semana pasada aludiendo al \u201cneo-marxismo\u201d no hizo sino recordarnos otros duros momentos episcopales y dictatoriales\u00bb.<br \/>Y cuando hay mucha gente que pens\u00f3 que era una exageraci\u00f3n hablar de clima destituyente (recordar las palabras de Biolcati) nos hace reflexionar: \u00abhace tiempo yo dec\u00eda que no parec\u00eda que hubiera posibilidad de golpe militar en Argentina fundamentalmente por dos motivos: la embajada de los Estados Unidos no parec\u00eda alentarlos, y la Iglesia hizo una clara defensa de la democracia. Por tanto si dos de los grandes apoyos de los golpistas no los alentaban, la cosa se les har\u00eda dif\u00edcil a quienes los propugnaran. El presidente de la UCR en el Senado dijo que hay quienes no quieren que el gobierno llegue al 2011, pero nadie le pidi\u00f3 nombres. La embajada no parece ajena al golpe militar en Honduras, y \u2013all\u00ed\u2013 la Iglesia jer\u00e1rquica, en voz del cardenal Rodr\u00edguez Maradiaga, tom\u00f3 clara postura por el r\u00e9gimen de facto. Algo semejante se ve en la postura del Cardenal de Bolivia, Julio Terrazas. Algunas declaraciones episcopales parecen sumamente preocupantes en este marco\u00bb. No me parece que estas palabras sean para tomarlas a la ligera.<\/p>\n","protected":false},"excerpt":{"rendered":"<p>Que en la Argentina hay pobreza y que \u00e9sta puede haber crecido en este \u00faltimo a\u00f1o es perfectamente aceptable. Y que esto se debe a graves deficiencias del gobierno que podemos clasificar como falta de claridad respecto de la elecci\u00f3n de los mecanismos a trav\u00e9s de los cuales la ayuda llegue a donde debe, incapacidad [&hellip;]<\/p>\n","protected":false},"author":1,"featured_media":0,"comment_status":"open","ping_status":"open","sticky":false,"template":"","format":"standard","meta":{"footnotes":""},"categories":[1],"tags":[],"class_list":["post-569","post","type-post","status-publish","format-standard","hentry","category-sin-categoria"],"_links":{"self":[{"href":"https:\/\/ricardovicentelopez.com.ar\/index.php?rest_route=\/wp\/v2\/posts\/569","targetHints":{"allow":["GET"]}}],"collection":[{"href":"https:\/\/ricardovicentelopez.com.ar\/index.php?rest_route=\/wp\/v2\/posts"}],"about":[{"href":"https:\/\/ricardovicentelopez.com.ar\/index.php?rest_route=\/wp\/v2\/types\/post"}],"author":[{"embeddable":true,"href":"https:\/\/ricardovicentelopez.com.ar\/index.php?rest_route=\/wp\/v2\/users\/1"}],"replies":[{"embeddable":true,"href":"https:\/\/ricardovicentelopez.com.ar\/index.php?rest_route=%2Fwp%2Fv2%2Fcomments&post=569"}],"version-history":[{"count":0,"href":"https:\/\/ricardovicentelopez.com.ar\/index.php?rest_route=\/wp\/v2\/posts\/569\/revisions"}],"wp:attachment":[{"href":"https:\/\/ricardovicentelopez.com.ar\/index.php?rest_route=%2Fwp%2Fv2%2Fmedia&parent=569"}],"wp:term":[{"taxonomy":"category","embeddable":true,"href":"https:\/\/ricardovicentelopez.com.ar\/index.php?rest_route=%2Fwp%2Fv2%2Fcategories&post=569"},{"taxonomy":"post_tag","embeddable":true,"href":"https:\/\/ricardovicentelopez.com.ar\/index.php?rest_route=%2Fwp%2Fv2%2Ftags&post=569"}],"curies":[{"name":"wp","href":"https:\/\/api.w.org\/{rel}","templated":true}]}}