{"id":568,"date":"2009-08-22T13:35:00","date_gmt":"2009-08-22T13:35:00","guid":{"rendered":"http:\/\/ricardovicentelopez.com.ar\/?p=568"},"modified":"2015-03-21T15:21:23","modified_gmt":"2015-03-21T15:21:23","slug":"la-hipocresia-no-tiene-limites-iv","status":"publish","type":"post","link":"https:\/\/ricardovicentelopez.com.ar\/?p=568","title":{"rendered":"La hipocres\u00eda no tiene l\u00edmites IV"},"content":{"rendered":"<p>Hay un tipo de informaciones que me cuesta citar por no tener certeza respecto de las intenciones de quien o quienes las hacen circular. Por ello, una voz como la del cura Eduardo de la Serna, avalada por el testimonio de toda una vida de servicio adquiere una autoridad irreprochable. No puede supon\u00e9rsele segundas o terceras intenciones y sus palabras tienen el aval del compromiso diario con los que m\u00e1s sufren. Adem\u00e1s, su formaci\u00f3n intelectual, su claridad de an\u00e1lisis, su falta de pudor cuando tiene que hablar de la iglesia a la que pertenece y la que ha dedicado su vida, y por ello le duele, hace que su opini\u00f3n hoy adquiera un valor irrecusable. Despu\u00e9s de lo que he ido citando dice: <br \/>\u00abPor todo esto, no creo que todo este c\u00famulo presentado antes sea \u201ccasual\u201d ni creo que algunas voces episcopales lo sean. Personalmente, no creo que a muchos de ellos les importen los pobres; es m\u00e1s, muchos parecen festejar cada muerto de fiebre \u201cA\u201d o cada caso de dengue, o cada aumento de un d\u00edgito en la pobreza. Personalmente creo que mientras no tengan nombre los pobres, no tengan nombre los empobrecedores, y mientras se siga sacrificando la sangre de las v\u00edctimas en el altar de la propiedad privada y el dios dinero, seguramente la situaci\u00f3n se agravar\u00e1, aunque los victimarios nos miren con cara de compungidos en los espacios pagados. Pero mientras eso ocurra, el Evangelio de Jes\u00fas, la b\u00fasqueda de ser \u201cIglesia de los pobres\u201d no nos dejar\u00e1 tranquilos hasta que los pobres tengan casa, pan y trabajo. Hasta que los pobres sean vistos como hermanas y hermanos, o mejor aun, hasta que ya no haya pobres porque tampoco habr\u00e1 ricos y habr\u00e1 mesa compartida y vida celebrada para todos\u00bb. No hay especulaci\u00f3n pol\u00edtica en sus palabras, como s\u00ed las hay, seg\u00fan \u00e9l, en la de varios de los obispos. <br \/>El cura de la Serna pertenece al Grupo Nacional de Curas en la Opci\u00f3n por los pobres, tal vez sean esos   neo-marxistas a los que hace referencia el obispo de La Plata, H\u00e9ctor Aguer, mucho m\u00e1s preocupado por los preservativos que por la pobreza. En el \u00faltimo encuentro que tuvo este Grupo dijeron en un comunicado: \u00abVemos que hay fuerzas muy poderosas que quieren frenar todo camino que ayude y aliente espacios de vida y de justicia: fuerzas que se desentienden totalmente de la realidad de los pobres, aunque los utilicen para sus propios fines; fuerzas que s\u00f3lo buscan enriquecerse, aunque empobrezcan m\u00e1s y m\u00e1s la tierra, las aguas y los hermanos; fuerzas que no temen manipular la opini\u00f3n p\u00fablica y si fuera necesario acompa\u00f1ar todo proceso destituyente mirando s\u00f3lo sus propios intereses y no el bien com\u00fan; fuerzas s\u00f3lo preocupadas por el incremento ilimitado de su patrimonio sin una genuina preocupaci\u00f3n por una justa distribuci\u00f3n de la renta, la tierra y la vida digna. Pero vemos tambi\u00e9n espacios de vida y esperanza que nacen particularmente de los pobres, de su fe, de su resistencia y su amor a la vida. Entre unas y otras queremos destacar particularmente\u00bb. <br \/>Lo que m\u00e1s duele y escandaliza, de esto que he llamado una hipocres\u00eda sin l\u00edmites, es que la iglesia y uno de sus obispos que m\u00e1s sale a hablar a trav\u00e9s de los medios, el obispo Alcides Jos\u00e9 Pedro Casaretto, no haya desmentido lo siguiente, tal vez porque a \u00e9l no le parezca una contradicci\u00f3n: \u00abSu principal colaborador laico es el ingeniero Eduardo Serantes, director del primer fondo de siembra del pa\u00eds, Cazenave &#038; Asociados, coordinador del Fondo Agr\u00edcola de Inversi\u00f3n Directo (F.A.I.D.), asesor de empresas agroindustriales y de servicios, responsable del programa de trigo candeal de Molinos R\u00edo de la Plata y de Trigalia y del programa de girasol oleico para Dow AgroSciences. Esos fondos no discriminan entre inversores con y sin sotana y, naturalmente, se molestan por las retenciones a su comercio exterior. Nada purifica mejor de esos sinsabores que ayudar a los pobres\u00bb.  Este ingeniero, que pertenece al club de los sojeros que matan con sus pesticidas, que da charlas en la Escuela de Negocios de Idea, \u00bfes una voz autorizada para hablar de la pobreza, cuando sus socios se niegan a distribuir las ganancias excesivas que obtienen? Corolario: \u00abMe escandalizo por la pobreza, pero no de la riqueza ostentosa\u00bb.<\/p>\n","protected":false},"excerpt":{"rendered":"<p>Hay un tipo de informaciones que me cuesta citar por no tener certeza respecto de las intenciones de quien o quienes las hacen circular. Por ello, una voz como la del cura Eduardo de la Serna, avalada por el testimonio de toda una vida de servicio adquiere una autoridad irreprochable. No puede supon\u00e9rsele segundas o [&hellip;]<\/p>\n","protected":false},"author":1,"featured_media":0,"comment_status":"open","ping_status":"open","sticky":false,"template":"","format":"standard","meta":{"footnotes":""},"categories":[1],"tags":[],"class_list":["post-568","post","type-post","status-publish","format-standard","hentry","category-sin-categoria"],"_links":{"self":[{"href":"https:\/\/ricardovicentelopez.com.ar\/index.php?rest_route=\/wp\/v2\/posts\/568","targetHints":{"allow":["GET"]}}],"collection":[{"href":"https:\/\/ricardovicentelopez.com.ar\/index.php?rest_route=\/wp\/v2\/posts"}],"about":[{"href":"https:\/\/ricardovicentelopez.com.ar\/index.php?rest_route=\/wp\/v2\/types\/post"}],"author":[{"embeddable":true,"href":"https:\/\/ricardovicentelopez.com.ar\/index.php?rest_route=\/wp\/v2\/users\/1"}],"replies":[{"embeddable":true,"href":"https:\/\/ricardovicentelopez.com.ar\/index.php?rest_route=%2Fwp%2Fv2%2Fcomments&post=568"}],"version-history":[{"count":0,"href":"https:\/\/ricardovicentelopez.com.ar\/index.php?rest_route=\/wp\/v2\/posts\/568\/revisions"}],"wp:attachment":[{"href":"https:\/\/ricardovicentelopez.com.ar\/index.php?rest_route=%2Fwp%2Fv2%2Fmedia&parent=568"}],"wp:term":[{"taxonomy":"category","embeddable":true,"href":"https:\/\/ricardovicentelopez.com.ar\/index.php?rest_route=%2Fwp%2Fv2%2Fcategories&post=568"},{"taxonomy":"post_tag","embeddable":true,"href":"https:\/\/ricardovicentelopez.com.ar\/index.php?rest_route=%2Fwp%2Fv2%2Ftags&post=568"}],"curies":[{"name":"wp","href":"https:\/\/api.w.org\/{rel}","templated":true}]}}