{"id":567,"date":"2009-08-25T13:31:00","date_gmt":"2009-08-25T13:31:00","guid":{"rendered":"http:\/\/ricardovicentelopez.com.ar\/?p=567"},"modified":"2015-03-21T15:21:23","modified_gmt":"2015-03-21T15:21:23","slug":"comencemos-a-dialogar-en-que-condiciones","status":"publish","type":"post","link":"https:\/\/ricardovicentelopez.com.ar\/?p=567","title":{"rendered":"Comencemos a dialogar \u2013 En qu\u00e9 condiciones"},"content":{"rendered":"<p>El 28 de Junio se ha convertido en una fecha que me hace recordar bastante al 11 de Setiembre. La nuestra ha comenzado a mostrar una carga simb\u00f3lica similar a la del norte, al punto que ya se la cita como 28J (tal como el 11\/9). Para un observador extra-terrestre el asunto ser\u00eda dif\u00edcil de comprender. Para avanzar hagamos un juego de ciencia ficci\u00f3n: supongamos que no existieran los medios de comunicaci\u00f3n y pregunt\u00e9monos c\u00f3mo hubiera sido el lunes 29 y qu\u00e9 hubi\u00e9ramos estado pensando. La diferencia es el plus de carga simb\u00f3lica que le han aportado esos medios: \u00a1La derrota!<br \/>Esto no significa que no ha pasado nada, s\u00f3lo pretendo colocar nuestra capacidad de comprensi\u00f3n un paso m\u00e1s atr\u00e1s de la agenda medi\u00e1tica para poder pensar con mayor libertad. Una de las cosas que se me presenta, entonces, es poner en un juego de pantalla partida (tal como usan y abusan ciertos canales) de un lado qu\u00e9 estoy pensando respecto de lo que pas\u00f3 y en el otro qu\u00e9 va apareciendo en lo que me dicen qu\u00e9 pas\u00f3. Lo primero que yo observo es que ha sido un rudo rev\u00e9s para el gobierno, pero inmediatamente me digo si esos dos puntos de diferencia hubieran estado a favor de Kirchner no hubiera habido derrota. Pero, en realidad qu\u00e9 hubiera cambiado. Me contesto poco y nada. \u00bfEntonces? \u00bfPuede ser que dos puntos de diferencia conviertan a nuestro pa\u00eds en un campo de batalla, de dimes y diretes en los que no est\u00e1 exento el gobierno? \u00bfTanta es la superficialidad y chatura de la pol\u00edtica actual?<br \/>Sin embargo, la tan mentada \u201cderrota\u201d aparece como una bandera que enarbolan los sectores m\u00e1s concentrados y privilegiados de la econom\u00eda nacional. Para quien siga con atenci\u00f3n la informaci\u00f3n p\u00fablica podr\u00e1 hacer una larga lista de los reclamos de las patronales, al mismo tiempo que \u00e9stos niegan la posibilidad o la necesidad de recomponer la retribuci\u00f3n de los que trabajan. <br \/>Comparto la afirmaci\u00f3n que hace Edgardo Mocca cuando dice que la verdadera victoria se la llevaron los medios que lograron instalar una forma de pensar: \u00abUna corriente de opini\u00f3n ampliamente predominante en los medios de comunicaci\u00f3n y muy influyente entre los analistas pol\u00edticos tiende a interpretar los conflictos pol\u00edticos nacionales de estos \u00faltimos a\u00f1os en t\u00e9rminos de estilos y procedimientos institucionales. La constelaci\u00f3n de analistas que tienden a pensar la pol\u00edtica en un vac\u00edo de intereses, valores y actores colectivos no se limita, como podr\u00eda suponerse, al territorio del neoliberalismo. Por el contrario, la cr\u00edtica a los determinismos economicistas por parte de segmentos del pensamiento progresista ha devenido negaci\u00f3n de los v\u00ednculos de la pol\u00edtica con el ambiente en el que se desarrolla, es decir con la econom\u00eda, las pr\u00e1cticas sociales y la cultura\u00bb.<br \/>Este trastrocamiento de valores, de representatividad, de modos de hacer referencia a los diferentes actores conlleva una carga de valores y dis-valores que con el solo modo de nombrarlos ya se est\u00e1 juzgando. Hugo Moyano no es nombrado, por lo general, como el Secretario General de la CGT, es decir el representante institucional de los trabajadores, siempre su nombre va acompa\u00f1ado de un adjetivo que acusa. Por el contrario al Sr. Hugo Biolcati se lo nombra en su condici\u00f3n institucional de Presidente de la Sociedad Rural, pero nunca se hace referencia a que es un gran terrateniente y que pertenece a una instituci\u00f3n con una muy triste historia.<br \/>De modo que el tan mentado di\u00e1logo se debe dar con gente que no tiene historia, lo cual limpia su \u201cprontuario\u201d pol\u00edtico (adem\u00e1s de alg\u00fan otro que nunca sali\u00f3 a la luz). Hay mucha ingenuidad en el p\u00fablico que conforma ese concepto abstracto: la opini\u00f3n p\u00fablica. En el caso de los ruralistas aparecen como los representantes del \u201ccampo\u201d, otro concepto abstracto (\u00bfde qu\u00e9 parte del campo?)<br \/>Esto lo lleva a Mocca a decir: \u00abPodr\u00eda llamarse a este fen\u00f3meno en desarrollo la \u201cdoctrina del malentendido\u201d. Los sectores sociales chocan, la pol\u00edtica se \u201ccrispa\u201d y florece el disenso porque no hay una comunicaci\u00f3n cabal e inteligente de los puntos de vista en disputa. Todo a causa de la demagogia, el esp\u00edritu confrontativo y la obsesi\u00f3n ideol\u00f3gica del grupo gobernante. En esa clave fue obstinadamente interpretado el conflicto agrario que estremeci\u00f3 al pa\u00eds el a\u00f1o pasado y que fue un condicionante decisivo del nuevo escenario pol\u00edtico consagrado por la reciente elecci\u00f3n legislativa\u00bb.<br \/>Estos son los actores reales del di\u00e1logo que no aparecen con una actitud de disponibilidad para o\u00edr y escuchar, hacen saber por los medios cu\u00e1les son las condiciones que debe tener el di\u00e1logo. Deber\u00eda decirse entonces que lo que se quiere en un \u201cdi\u00e1logo condicionado\u201d. Esta es la realidad, no van a conversar, van a exigir. Si la derrota se mide por la cantidad de votos \u00bfcu\u00e1ntos sacaron los dirigentes ruralistas?<\/p>\n","protected":false},"excerpt":{"rendered":"<p>El 28 de Junio se ha convertido en una fecha que me hace recordar bastante al 11 de Setiembre. La nuestra ha comenzado a mostrar una carga simb\u00f3lica similar a la del norte, al punto que ya se la cita como 28J (tal como el 11\/9). Para un observador extra-terrestre el asunto ser\u00eda dif\u00edcil de [&hellip;]<\/p>\n","protected":false},"author":1,"featured_media":0,"comment_status":"open","ping_status":"open","sticky":false,"template":"","format":"standard","meta":{"footnotes":""},"categories":[1],"tags":[],"class_list":["post-567","post","type-post","status-publish","format-standard","hentry","category-sin-categoria"],"_links":{"self":[{"href":"https:\/\/ricardovicentelopez.com.ar\/index.php?rest_route=\/wp\/v2\/posts\/567","targetHints":{"allow":["GET"]}}],"collection":[{"href":"https:\/\/ricardovicentelopez.com.ar\/index.php?rest_route=\/wp\/v2\/posts"}],"about":[{"href":"https:\/\/ricardovicentelopez.com.ar\/index.php?rest_route=\/wp\/v2\/types\/post"}],"author":[{"embeddable":true,"href":"https:\/\/ricardovicentelopez.com.ar\/index.php?rest_route=\/wp\/v2\/users\/1"}],"replies":[{"embeddable":true,"href":"https:\/\/ricardovicentelopez.com.ar\/index.php?rest_route=%2Fwp%2Fv2%2Fcomments&post=567"}],"version-history":[{"count":0,"href":"https:\/\/ricardovicentelopez.com.ar\/index.php?rest_route=\/wp\/v2\/posts\/567\/revisions"}],"wp:attachment":[{"href":"https:\/\/ricardovicentelopez.com.ar\/index.php?rest_route=%2Fwp%2Fv2%2Fmedia&parent=567"}],"wp:term":[{"taxonomy":"category","embeddable":true,"href":"https:\/\/ricardovicentelopez.com.ar\/index.php?rest_route=%2Fwp%2Fv2%2Fcategories&post=567"},{"taxonomy":"post_tag","embeddable":true,"href":"https:\/\/ricardovicentelopez.com.ar\/index.php?rest_route=%2Fwp%2Fv2%2Ftags&post=567"}],"curies":[{"name":"wp","href":"https:\/\/api.w.org\/{rel}","templated":true}]}}