{"id":566,"date":"2009-08-30T13:39:00","date_gmt":"2009-08-30T13:39:00","guid":{"rendered":"http:\/\/ricardovicentelopez.com.ar\/?p=566"},"modified":"2015-03-21T15:21:23","modified_gmt":"2015-03-21T15:21:23","slug":"la-hipocresia-no-tiene-limites-v","status":"publish","type":"post","link":"https:\/\/ricardovicentelopez.com.ar\/?p=566","title":{"rendered":"La hipocres\u00eda no tiene l\u00edmites V"},"content":{"rendered":"<p>El uso de las palabras, sobre todo en estos \u00faltimos tiempos, ha mostrado una devaluaci\u00f3n de los significados. En los medios de comunicaci\u00f3n la utilizaci\u00f3n del lenguaje presenta diversos matices que van desde la ignorancia de nuestro idioma, de palabras tan sencillas como utilizar como sin\u00f3nimos o\u00edr y escuchar, perdiendo la especificidad de la utilizaci\u00f3n de la vista, hasta el uso perverso de conceptos como \u201cel campo\u201d, \u201cla gente\u201d, \u201cla iglesia\u201d, que hacen referencia a conceptos abstractos vaciados de toda representatividad. Hoy aparece, con toda insistencia la palabra \u201cdi\u00e1logo\u201d como si comenzara una nueva etapa de lo que en realidad es una condici\u00f3n cotidiana de la relaci\u00f3n entre las personas. Y esto incluye a gran parte de los dirigentes pol\u00edticos. Son muy pocos aquellos que est\u00e1n en actividad y no dialogan entre ellos. En todos los niveles de la actividad pol\u00edtica se dialoga. <br \/>Ahora bien, hemos estado escuchando a dirigentes que dicen una cosa en privado y otra ante los medios. La televisaci\u00f3n de las sesiones de la c\u00e1mara de senadores, que podr\u00edan extenderse a toda reuni\u00f3n de dirigentes pol\u00edticos, aportar\u00eda muy poco puesto que habr\u00eda muy pocas personas que se dedicaran a escuchar todo lo que se dice. M\u00e1s a\u00fan cuando los discursos no siempre se ci\u00f1en a los temas tratados.<br \/>Entonces nos enfrentamos a una supuesta realidad que intenta convencernos que hay dos bandos: los democr\u00e1ticos que dialogan y logran ciertos consensos y los que no aceptan el di\u00e1logo e imponen su voluntad (o la menos lo intentan) sin aceptar las opiniones de los otros. Cuando uno recuerda ciertas expresiones de dirigentes, por ejemplo del llamado \u201ccampo\u201d, siente la impostura que encuentra entre lo que dicen que quieren y lo que muestran sobre ello. Es muy probable que no tengan el largo ejercicio de la hipocres\u00eda que s\u00ed tienen los viejos dirigentes pol\u00edticos, h\u00e1biles en el arte de hacer malabarismos con las palabras, y por ello no siempre controlan sus dichos y dejan traslucir sin pudor lo que piensan y desean realmente.  <br \/>Lo que presento en una muestra de este tipo de expresiones que extraigo de los medios. Una idea de lo que los \u201cdirigentes campestres\u201d entienden por di\u00e1logo aparece en la afirmaci\u00f3n \u00abesperamos que el Gobierno apruebe el listado de exigencias que llevaremos a la reuni\u00f3n con el jefe de Gabinete, An\u00edbal Fern\u00e1ndez\u00bb, si eso esperan es que se acepte una imposici\u00f3n (exigencias) sin que haya debate alguno. Y esa pretensi\u00f3n emerge de la convicci\u00f3n de que \u00abNos dec\u00edan que les ganemos en las urnas y les ganamos. \u00bfQue nos queda por ganar? El problema es que nadie de la oposici\u00f3n se hizo cargo. La pelota est\u00e1 picando y hay que agarrarla antes de que la agarren los Kirchner\u00bb. Ante esto varios dirigentes pol\u00edticos que se alinearon con la Mesa de Enlace salieron al cruce afirmando que los que \u201cganaron\u201d son ellos, los dirigentes pol\u00edticos, no los de las c\u00e1maras empresarias. <br \/>Aparece tambi\u00e9n una distancia en lo que se dice ante un entrevistador y lo que se dice desde la tribuna, por ejemplo: \u00abHay que sacarlos\u00bb, \u00abque se vayan\u00bb, \u00abladrones\u00bb, \u00abtienen que ir presos\u00bb, \u00abel viernes hay que ir con el cuchillo bajo el poncho\u00bb. \u00abNo hay margen para que esto sea m\u00e1s cosm\u00e9tica y m\u00e1s maquillaje. Ni ellos tienen margen pol\u00edtico ni nosotros tenemos la disposici\u00f3n a una tolerancia indefinida\u00bb. Afirmar que la actitud de un dirigente no se acepta: \u00abNo hay margen para que vengan a querer reconciliarse con una visita como hizo Scioli. Reci\u00e9n hoy le va a explicar a la Presidenta. \u00bfDonde estaba durante todo este tiempo?\u00bb, Y este tipo de expresiones creen que est\u00e1n avaladas por la interpretaci\u00f3n que ellos hacen de lo que denominan  \u00abel mensaje de las urnas\u00bb.<br \/>El Sr. Ricardo Buryaille se refiri\u00f3 a Scioli con estas palabras: \u00abYo nunca confund\u00ed un travesti con una mujer. Por eso les pido que no confundamos el travestismo pol\u00edtico con lo que realmente es. Yo lo quisiera tener como compa\u00f1ero de truco porque no s\u00e9 si miente ahora o ment\u00eda antes. No se le mueve un m\u00fasculo\u00bb y se me ocurre pensar que se hubiera dicho si esto fuera afirmado sobre alguno de ellos. Mario Llamb\u00edas hizo gala de un lenguaje muy poco dialogante: \u00abEl jefe de Gabinete, la Presidenta y todos los funcionarios tienen que saber que el campo va el viernes a encontrar soluciones. No queremos m\u00e1s demoras\u00bb. Como corolario de estas reflexiones propongo que se busque en los \u201cmedios concentrados\u201d alg\u00fan comentario sobre este tipo de expresiones. Hay una notable disparidad para juzgar dichos seg\u00fan quien los diga. As\u00ed el di\u00e1logo es muy dif\u00edcil.<\/p>\n","protected":false},"excerpt":{"rendered":"<p>El uso de las palabras, sobre todo en estos \u00faltimos tiempos, ha mostrado una devaluaci\u00f3n de los significados. En los medios de comunicaci\u00f3n la utilizaci\u00f3n del lenguaje presenta diversos matices que van desde la ignorancia de nuestro idioma, de palabras tan sencillas como utilizar como sin\u00f3nimos o\u00edr y escuchar, perdiendo la especificidad de la utilizaci\u00f3n [&hellip;]<\/p>\n","protected":false},"author":1,"featured_media":0,"comment_status":"open","ping_status":"open","sticky":false,"template":"","format":"standard","meta":{"footnotes":""},"categories":[1],"tags":[],"class_list":["post-566","post","type-post","status-publish","format-standard","hentry","category-sin-categoria"],"_links":{"self":[{"href":"https:\/\/ricardovicentelopez.com.ar\/index.php?rest_route=\/wp\/v2\/posts\/566","targetHints":{"allow":["GET"]}}],"collection":[{"href":"https:\/\/ricardovicentelopez.com.ar\/index.php?rest_route=\/wp\/v2\/posts"}],"about":[{"href":"https:\/\/ricardovicentelopez.com.ar\/index.php?rest_route=\/wp\/v2\/types\/post"}],"author":[{"embeddable":true,"href":"https:\/\/ricardovicentelopez.com.ar\/index.php?rest_route=\/wp\/v2\/users\/1"}],"replies":[{"embeddable":true,"href":"https:\/\/ricardovicentelopez.com.ar\/index.php?rest_route=%2Fwp%2Fv2%2Fcomments&post=566"}],"version-history":[{"count":0,"href":"https:\/\/ricardovicentelopez.com.ar\/index.php?rest_route=\/wp\/v2\/posts\/566\/revisions"}],"wp:attachment":[{"href":"https:\/\/ricardovicentelopez.com.ar\/index.php?rest_route=%2Fwp%2Fv2%2Fmedia&parent=566"}],"wp:term":[{"taxonomy":"category","embeddable":true,"href":"https:\/\/ricardovicentelopez.com.ar\/index.php?rest_route=%2Fwp%2Fv2%2Fcategories&post=566"},{"taxonomy":"post_tag","embeddable":true,"href":"https:\/\/ricardovicentelopez.com.ar\/index.php?rest_route=%2Fwp%2Fv2%2Ftags&post=566"}],"curies":[{"name":"wp","href":"https:\/\/api.w.org\/{rel}","templated":true}]}}