{"id":565,"date":"2009-09-02T12:26:00","date_gmt":"2009-09-02T12:26:00","guid":{"rendered":"http:\/\/ricardovicentelopez.com.ar\/?p=565"},"modified":"2015-03-21T15:21:23","modified_gmt":"2015-03-21T15:21:23","slug":"la-hipocresia-no-tiene-limites-vi","status":"publish","type":"post","link":"https:\/\/ricardovicentelopez.com.ar\/?p=565","title":{"rendered":"La hipocres\u00eda no tiene l\u00edmites VI"},"content":{"rendered":"<p>Se puede comprender que en los medios concentrados se dan los debates (muy pobres por cierto) sobre los temas que deber\u00edan merecer un \u00e1mbito m\u00e1s adecuado, m\u00e1s serio, m\u00e1s inteligente, pero las cosas se vienen dando de ese modo desde los noventa. Esto no debe ser olvidado, pero tampoco debe ser negado. Tambi\u00e9n se torna cada vez m\u00e1s claro que esos medios responden a las ideas madre de los grandes capitales internacionales y que se parapetan en la defensa de sus intereses. Entonces si la historia nos ha ense\u00f1ado que los intereses contrapuestos han adoptado la confrontaci\u00f3n, cada uno de estos bandos han sido denominados de un modo cl\u00e1sico: derecha (los intereses de los poderosos) e izquierda (los intereses de los m\u00e1s desprotegidos). Si bien estas denominaciones est\u00e1n hoy muy deshilachadas, al punto de que no dicen gran cosa respecto de las concepciones pol\u00edticas, lo que s\u00ed puede decirse sin temor a error es que la izquierda (como regla general) se ha travestido, pero la derecha est\u00e1 afilando el colmillo y se prepara para volver con toda su sa\u00f1a a quedarse con el pedazo m\u00e1s grande que pueda de la riqueza producida. Aunque algunos de sus expositores viertan l\u00e1grimas por los pobres.<br \/>Pero esto no es patrimonio exclusivo de la Argentina. En diversos pa\u00edses de nuestra Am\u00e9rica sucede lo mismo y con libretos parecidos (o copiados). No vale la pena hacer una lista, que es muy evidente para quien se preocupe un poco por la pol\u00edtica internacional. Digo todo esto por la lectura de unas l\u00edneas de un periodista que se refiere a qu\u00e9 est\u00e1 pasando en nuestro continente, sobre todo a c\u00f3mo reacciona el poder dominante ante cualquier cambio que modifique el status quo. \u00abReacci\u00f3n, por cierto, enteramente visceral, absolutamente cargada de tirria ideol\u00f3gica, que indica que: o ni siquiera se ha le\u00eddo a profundidad el texto de la nueva normativa jur\u00eddica (dudoso), o que el odio de clase en juego no permite ser objetivo (nos inclinamos por esto). Reacci\u00f3n, por otro lado, que adem\u00e1s de movilizar en bloque a la m\u00e1s conservadora y retr\u00f3grada derecha local, hace reaccionar a lo m\u00e1s conservador y retr\u00f3grado de la derecha del mundo\u00bb.<br \/>Veamos c\u00f3mo se comportan localmente. El periodista Fernando Krakowiak analiz\u00f3 las declaraciones de las empresas argentinas y las de las c\u00e1maras que las representan, dentro de las cuales ocupan puestos directivos. Se podr\u00e1 recordar que el \u201ccaso Grupo Techint\u201d y su disputa con el gobierno venezolano inund\u00f3 los medios con comentarios adversos a su presidente Ch\u00e1vez. Esto dio lugar a que se comenzara, una vez m\u00e1s, a hablar de la chavizaci\u00f3n que se viene en la pol\u00edtica argentina. No faltaron referencias a Aerol\u00edneas Argentinas y a las AFJP. La voz de las c\u00e1maras empresariales tuvieron todos los medios a su disposici\u00f3n para decir lo que les pareciera, aunque contuvieran expresiones carentes de fundamentos, mentiras aviesas o verdades distorsionadas. Nadie de \u201cla oposici\u00f3n\u201d ni del \u201cperiodismo serio\u201d desminti\u00f3, aclar\u00f3, corrigi\u00f3, nada. Sin embargo, los negocios que hacen con Venezuela no merecen ser noticia destacada en los mismos medios.<br \/>Leamos: \u00abLos empresarios Luis Pagani, Cristiano Rattazzi, Roberto Urqu\u00eda, Miguel Acevedo, Sebasti\u00e1n Bag\u00f3 y Viktor Klima tienen algo en com\u00fan. Todos ocupan un lugar destacado en c\u00e1maras patronales que cuestionan la relaci\u00f3n con Venezuela, pero al mismo tiempo hacen negocios con Hugo Ch\u00e1vez. Otros no avalan las cr\u00edticas, pero tampoco defienden p\u00fablicamente el v\u00ednculo comercial. S\u00f3lo se limitan a aprovecharlo de manera casi vergonzante. Roberto Domenech, titular del Centro de Empresas Procesadoras Av\u00edcolas (Cepa), reivindic\u00f3 el mi\u00e9rcoles pasado en un acto del sector el crecimiento que tuvieron en los \u00faltimos a\u00f1os, pero \u201colvid\u00f3\u201d mencionar que eso se debe en parte a que Venezuela se convirti\u00f3 en el principal destino de exportaci\u00f3n de pollos. De hecho, el intercambio comercial con este pa\u00eds caribe\u00f1o es actualmente uno de los m\u00e1s din\u00e1micos. A mediados de este mes, distintos sectores firmaron acuerdos de exportaci\u00f3n por 1100 millones de d\u00f3lares que se suman a un conjunto de emprendimientos ya en marcha, que incluyen venta de bienes y servicios, inversiones directas, capacitaci\u00f3n de recursos humanos y transferencia de tecnolog\u00eda. Todo eso pareciera no ser tomado en cuenta por el establishment. El rechazo que les genera un modelo que se proclama socialista puede m\u00e1s que los negocios, sobre todo desde que Ch\u00e1vez anunci\u00f3 la estatizaci\u00f3n de las sider\u00fargicas que Techint ten\u00eda en ese pa\u00eds. Lo que sigue es una muestra de lo que pone en riesgo el discurso empresario dominante que critica o desde\u00f1a los v\u00ednculos con el r\u00e9gimen venezolano\u00bb.<br \/>Dejo para quien se interese por los detalles leer su art\u00edculo, muy bien documentado y claro, en <br \/>http:\/\/www.pagina12.com.ar\/diario\/economia\/2-130473-2009-08-23.html<\/p>\n","protected":false},"excerpt":{"rendered":"<p>Se puede comprender que en los medios concentrados se dan los debates (muy pobres por cierto) sobre los temas que deber\u00edan merecer un \u00e1mbito m\u00e1s adecuado, m\u00e1s serio, m\u00e1s inteligente, pero las cosas se vienen dando de ese modo desde los noventa. Esto no debe ser olvidado, pero tampoco debe ser negado. Tambi\u00e9n se torna [&hellip;]<\/p>\n","protected":false},"author":1,"featured_media":0,"comment_status":"open","ping_status":"open","sticky":false,"template":"","format":"standard","meta":{"footnotes":""},"categories":[1],"tags":[],"class_list":["post-565","post","type-post","status-publish","format-standard","hentry","category-sin-categoria"],"_links":{"self":[{"href":"https:\/\/ricardovicentelopez.com.ar\/index.php?rest_route=\/wp\/v2\/posts\/565","targetHints":{"allow":["GET"]}}],"collection":[{"href":"https:\/\/ricardovicentelopez.com.ar\/index.php?rest_route=\/wp\/v2\/posts"}],"about":[{"href":"https:\/\/ricardovicentelopez.com.ar\/index.php?rest_route=\/wp\/v2\/types\/post"}],"author":[{"embeddable":true,"href":"https:\/\/ricardovicentelopez.com.ar\/index.php?rest_route=\/wp\/v2\/users\/1"}],"replies":[{"embeddable":true,"href":"https:\/\/ricardovicentelopez.com.ar\/index.php?rest_route=%2Fwp%2Fv2%2Fcomments&post=565"}],"version-history":[{"count":0,"href":"https:\/\/ricardovicentelopez.com.ar\/index.php?rest_route=\/wp\/v2\/posts\/565\/revisions"}],"wp:attachment":[{"href":"https:\/\/ricardovicentelopez.com.ar\/index.php?rest_route=%2Fwp%2Fv2%2Fmedia&parent=565"}],"wp:term":[{"taxonomy":"category","embeddable":true,"href":"https:\/\/ricardovicentelopez.com.ar\/index.php?rest_route=%2Fwp%2Fv2%2Fcategories&post=565"},{"taxonomy":"post_tag","embeddable":true,"href":"https:\/\/ricardovicentelopez.com.ar\/index.php?rest_route=%2Fwp%2Fv2%2Ftags&post=565"}],"curies":[{"name":"wp","href":"https:\/\/api.w.org\/{rel}","templated":true}]}}