{"id":564,"date":"2009-09-05T23:19:00","date_gmt":"2009-09-05T23:19:00","guid":{"rendered":"http:\/\/ricardovicentelopez.com.ar\/?p=564"},"modified":"2015-03-21T14:05:05","modified_gmt":"2015-03-21T14:05:05","slug":"que-hacen-los-medios-de-informacion-informan","status":"publish","type":"post","link":"https:\/\/ricardovicentelopez.com.ar\/?p=564","title":{"rendered":"\u00bfQu\u00e9 hacen los medios de informaci\u00f3n? \u00bfInforman?"},"content":{"rendered":"<p>Ante nuestros ojos se est\u00e1 librando una feroz batalla. Tiene por escenario el Congreso de la Naci\u00f3n y la disputa se da en torno a una ley que intenta darle un orden democr\u00e1tico a la informaci\u00f3n p\u00fablica. Parapetados detr\u00e1s de varias bancadas se encuentran los batallones de los defensores del status quo. \u00bfPor qu\u00e9 esta ley es tan importante? Encontramos una respuesta en esta afirmaci\u00f3n de un intelectual italiano de sobrados antecedentes en la materia, Giovanni Arrighi, quien afirm\u00f3: \u00abLa sociedad de la informaci\u00f3n es una de las m\u00e1s ignorantes de la historia\u00bb. Es que esta sociedad descubri\u00f3 un modo mucho m\u00e1s sutil de mantener al gran p\u00fablico en esa ignorancia: simular que informa.<br \/>La periodista y escritora Mar\u00eda Toledano sostiene al respecto: \u00abExiste una relaci\u00f3n hist\u00f3rica, conocida, que une informaci\u00f3n y poder. Es una relaci\u00f3n estable, limpia y ordenada como un sacramento cat\u00f3lico, como un buen matrimonio burgu\u00e9s. Las empresas propietarias de los grandes medios de comunicaci\u00f3n (que a su vez detentan infinidad de otros negocios multinacionales) deciden, de acuerdo con sus intereses y los de sus anunciantes, qu\u00e9 se emite o publica, c\u00f3mo y cu\u00e1ndo. Los f\u00e9rreos filtros (pocas veces se equivocan) vienen fijados por los directivos, verdaderas correas de transmisi\u00f3n -perros de presa- de su accionariado y responden ante los indefensos espectadores con peque\u00f1as dosis de verosimilitud (una aparente mirada inocente sobre el mundo) que nada tiene que ver con la verdad de los hechos descritos, ni con el principio b\u00e1sico -repetido por ellos mismos hasta la extenuaci\u00f3n- de la objetividad\u00bb.<br \/>Dice poca m\u00e1s adelante: \u00abLa idea es sencilla. Cuanto menos sepamos (esa es la \u00fanica funci\u00f3n de los mass-media) y m\u00e1s sepan (de cualquier materia) aquellos que circulan por las autopistas y moquetas del poder, m\u00e1s dif\u00edcil ser\u00e1 la cr\u00edtica, m\u00e1s dura la batalla e imposible (casi) la erradicaci\u00f3n de sus m\u00e9todos y procedimientos de explotaci\u00f3n y apropiaci\u00f3n. La ciudadan\u00eda, destrozada y sin apenas m\u00e1s aliento que el denominado \u201ctiempo de ocio\u201d promovido por la din\u00e1mica consumista, es incapaz de reaccionar y las p\u00edldoras o mensajes -lo que se denomina \u201cinformaci\u00f3n\u201d- van calando de tal forma que resulta imposible establecer un di\u00e1logo sensato (por no decir cr\u00edtico) con alguien cuyas fuentes sean, \u00fanicamente, los medios mayoritarios. El objetivo est\u00e1 logrado. Por un lado la sociedad, el conjunto de los ciudadanos libres e iguales, legitima con su aceptaci\u00f3n cotidiana -su incapacidad colectiva para desear otro modo de mirar, exigir y entender es dram\u00e1tica- los medios de masas y la veracidad de las noticias o an\u00e1lisis (ya no existe diferencia) y por otro, desautoriza, de ra\u00edz, sin paliativos, como exigen los cancerberos de la difusi\u00f3n, todas aquellas informaciones (por contrastadas que est\u00e9n) que no provengan de sus autorizados \u00f3rganos de emisi\u00f3n\u00bb. <br \/>Pues bien de esto se trata la batalla que se est\u00e1 librando. Por tal raz\u00f3n debemos preguntarnos si queremos la perduraci\u00f3n de este estado de la informaci\u00f3n p\u00fablica o queremos abrir es espectro de fuentes de informaci\u00f3n para tener acceso a una multiplicidad de modos de entender la realidad actual. El prestigioso Ignacio Ramonet, de Le Monde Diplomatique, nos da una muestra de c\u00f3mo funciona esto: \u00abMuy pocos medios de comunicaci\u00f3n lo han comentado. La opini\u00f3n p\u00fablica no ha sido alertada. Y sin embargo, las preocupantes conclusiones del Informe final, publicado por la Comisi\u00f3n Europea el pasado 8 de julio,  sobre los abusos en materia de competencia en el sector farmac\u00e9utico merecen ser conocidas por los ciudadanos y ampliamente difundidas. \u00bfQu\u00e9 dice ese informe? En s\u00edntesis: que, en el comercio de los medicamentos, la competencia no est\u00e1 funcionando, y que los grandes grupos farmac\u00e9uticos recurren a toda suerte de juegos sucios para impedir la llegada al mercado de medicinas m\u00e1s eficaces y sobre todo para descalificar los medicamentos gen\u00e9ricos mucho m\u00e1s baratos. Consecuencia: el retraso del acceso del consumidor a los gen\u00e9ricos se traduce en importantes p\u00e9rdidas financieras no s\u00f3lo para los propios pacientes sino para la Seguridad Social a cargo del Estado (o sea de los contribuyentes). Esto, adem\u00e1s, ofrece argumentos a los defensores de la privatizaci\u00f3n de los Sistemas P\u00fablicos de Salud, acusados de ser fosos de d\u00e9ficits en el presupuesto de los Estados\u00bb.<\/p>\n","protected":false},"excerpt":{"rendered":"<p>Ante nuestros ojos se est\u00e1 librando una feroz batalla. Tiene por escenario el Congreso de la Naci\u00f3n y la disputa se da en torno a una ley que intenta darle un orden democr\u00e1tico a la informaci\u00f3n p\u00fablica. Parapetados detr\u00e1s de varias bancadas se encuentran los batallones de los defensores del status quo. \u00bfPor qu\u00e9 esta [&hellip;]<\/p>\n","protected":false},"author":1,"featured_media":0,"comment_status":"open","ping_status":"open","sticky":false,"template":"","format":"standard","meta":{"footnotes":""},"categories":[1],"tags":[],"class_list":["post-564","post","type-post","status-publish","format-standard","hentry","category-sin-categoria"],"_links":{"self":[{"href":"https:\/\/ricardovicentelopez.com.ar\/index.php?rest_route=\/wp\/v2\/posts\/564","targetHints":{"allow":["GET"]}}],"collection":[{"href":"https:\/\/ricardovicentelopez.com.ar\/index.php?rest_route=\/wp\/v2\/posts"}],"about":[{"href":"https:\/\/ricardovicentelopez.com.ar\/index.php?rest_route=\/wp\/v2\/types\/post"}],"author":[{"embeddable":true,"href":"https:\/\/ricardovicentelopez.com.ar\/index.php?rest_route=\/wp\/v2\/users\/1"}],"replies":[{"embeddable":true,"href":"https:\/\/ricardovicentelopez.com.ar\/index.php?rest_route=%2Fwp%2Fv2%2Fcomments&post=564"}],"version-history":[{"count":0,"href":"https:\/\/ricardovicentelopez.com.ar\/index.php?rest_route=\/wp\/v2\/posts\/564\/revisions"}],"wp:attachment":[{"href":"https:\/\/ricardovicentelopez.com.ar\/index.php?rest_route=%2Fwp%2Fv2%2Fmedia&parent=564"}],"wp:term":[{"taxonomy":"category","embeddable":true,"href":"https:\/\/ricardovicentelopez.com.ar\/index.php?rest_route=%2Fwp%2Fv2%2Fcategories&post=564"},{"taxonomy":"post_tag","embeddable":true,"href":"https:\/\/ricardovicentelopez.com.ar\/index.php?rest_route=%2Fwp%2Fv2%2Ftags&post=564"}],"curies":[{"name":"wp","href":"https:\/\/api.w.org\/{rel}","templated":true}]}}