{"id":562,"date":"2009-09-13T16:22:00","date_gmt":"2009-09-13T16:22:00","guid":{"rendered":"http:\/\/ricardovicentelopez.com.ar\/?p=562"},"modified":"2015-03-21T14:05:05","modified_gmt":"2015-03-21T14:05:05","slug":"la-hipocresia-no-tiene-limites-vii","status":"publish","type":"post","link":"https:\/\/ricardovicentelopez.com.ar\/?p=562","title":{"rendered":"La hipocres\u00eda no tiene l\u00edmites VII"},"content":{"rendered":"<p>Estamos ingresando en una zona de tormentas medi\u00e1ticas. Durante m\u00e1s de un a\u00f1o los medios concentrados ningunearon toda informaci\u00f3n respecto del proyecto de Ley de Servicios audiovisuales. Ahora, dado el tratamiento que ha comenzado en el Congreso, debemos prepararnos a leer, o\u00edr y ver toda clase de argumentos en contra del proyecto. \u00bfC\u00f3mo se explica esto? Los medios concentrados ten\u00edan la esperanza de que no llegara al Congreso y silenci\u00e1ndolo se lo ocultaba a la opini\u00f3n del p\u00fablico. Este proyecto, como no se hab\u00eda conocido hasta hoy, recorri\u00f3 primero todo el pa\u00eds convocando a las organizaciones m\u00e1s variadas, representativas de instituciones interesadas en el tema, a encuentros amplios y libres para el an\u00e1lisis, cr\u00edticas y correcciones a la futura ley. Todo ese proceso recogi\u00f3 muy importantes aportes que fueron incorpor\u00e1ndose al texto original.<br \/>Como anot\u00e9 hace dos meses atr\u00e1s el Relator de las Naciones Unidas en materia de Promoci\u00f3n y Protecci\u00f3n de la Libertad de Expresi\u00f3n, Frank La Rue, que visit\u00f3 nuestro pa\u00eds para informarse sobre el proyecto de ley dijo de \u00e9l: \u00abEs lo m\u00e1s avanzado que he visto en el continente y en el mundo en cuanto a telecomunicaciones, que aqu\u00ed le llaman difusi\u00f3n de servicios de comunicaci\u00f3n audiovisual\u2026 Uno de los puntos centrales del proyecto que m\u00e1s me entusiasm\u00f3 es dividir el espectro de medios audiovisuales en tres partes iguales, el 33 por ciento para los medios privados con fines de lucro, el 33 por ciento para el Estado en sus distintos estamentos y 33 por ciento para las organizaciones comunitarias\u2026 Yo mismo nunca me he atrevido a dar recomendaciones tan espec\u00edficas porque eso lo debe ver cada pa\u00eds, esto es muy de avanzada\u00bb. Nada de esto apareci\u00f3 en los medios concentrados. Por el contrario hoy desde la \u201coposici\u00f3n obsesiva\u201d comienzan a aparecer argumentos vac\u00edos de contenidos, pura palabrer\u00eda, que pretenden ocultar que, en sus disposiciones b\u00e1sicas, este proyecto es id\u00e9ntico a varios presentados por partidos hoy en la oposici\u00f3n que quieren desentenderse de lo que sosten\u00edan tiempo atr\u00e1s.<br \/>Dijo el escritor brit\u00e1nico Gilbert Keith Chesterton (1874-1936) a comienzos del siglo XX: \u00abNo necesitamos una censura para la prensa. La prensa misma es la censura. Los peri\u00f3dicos comenzaron a existir para decir la verdad y hoy existen para impedir que la verdad se diga\u00bb. Hoy esta afirmaci\u00f3n puede ser extendida a la totalidad de los medios de comunicaci\u00f3n, por lo que debemos tomar conciencia del papel que han jugado siempre en la distorsi\u00f3n de la informaci\u00f3n al servicio del poder de turno. Por lo tanto, nada de esto es nuevo y hoy estamos ante una posibilidad hist\u00f3rica, esperada por m\u00e1s de treinta a\u00f1os, de poder contar con una legislaci\u00f3n que contenga el avance de la monopolizaci\u00f3n en la propiedad de los medios, de abrir el espectro a la participaci\u00f3n de una informaci\u00f3n m\u00e1s variada y plural.<br \/>El investigador Pascual Serrano cuenta en su libro \u00abDesinformaci\u00f3n &#8211; C\u00f3mo los medios ocultan el mundo\u00bb,  Como se difundi\u00f3 una noticia, entre tantas otras, que muestra  la desaprensi\u00f3n en el manejo de la informaci\u00f3n: \u00abLa muerte de Walterio Carbonell\u00bb. \u00abEn 2005 se public\u00f3 en el diario espa\u00f1ol El Pa\u00eds y en el argentino Clar\u00edn un art\u00edculo escrito por Juan Goytisolo, en el que se informaba de la triste muerte del historiador cubano Walterio Carbonell, \u00abcondenado al ostracismo y el olvido\u00bb, art\u00edculo del que en seguida se hizo eco toda la prensa anticastrista\u00bb. El \u00abpeque\u00f1o problema\u00bb, dice el autor, es que el muerto estaba vivo lo bastante como para responder, adem\u00e1s, que no tiene motivos para sentirse olvidado ni mucho menos: \u00abMe siento vivo intelectualmente en mi pa\u00eds. No tengo por qu\u00e9 sentirme olvidado. De hecho los j\u00f3venes me consultan, me citan, me quieren. Y aqu\u00ed en la Biblioteca he encontrado un respeto hacia mi talento y un enorme cari\u00f1o hacia mi persona\u00bb.<br \/>Es s\u00f3lo uno de los tantos ejemplos que se puede mostrar del manejo de la informaci\u00f3n. Bien, estamos ante la posibilidad de cambiar la historia, es necesario no equivocarse tras los manejos turbios y no dejar pasar esta oportunidad.<\/p>\n","protected":false},"excerpt":{"rendered":"<p>Estamos ingresando en una zona de tormentas medi\u00e1ticas. Durante m\u00e1s de un a\u00f1o los medios concentrados ningunearon toda informaci\u00f3n respecto del proyecto de Ley de Servicios audiovisuales. Ahora, dado el tratamiento que ha comenzado en el Congreso, debemos prepararnos a leer, o\u00edr y ver toda clase de argumentos en contra del proyecto. \u00bfC\u00f3mo se explica [&hellip;]<\/p>\n","protected":false},"author":1,"featured_media":0,"comment_status":"open","ping_status":"open","sticky":false,"template":"","format":"standard","meta":{"footnotes":""},"categories":[1],"tags":[],"class_list":["post-562","post","type-post","status-publish","format-standard","hentry","category-sin-categoria"],"_links":{"self":[{"href":"https:\/\/ricardovicentelopez.com.ar\/index.php?rest_route=\/wp\/v2\/posts\/562","targetHints":{"allow":["GET"]}}],"collection":[{"href":"https:\/\/ricardovicentelopez.com.ar\/index.php?rest_route=\/wp\/v2\/posts"}],"about":[{"href":"https:\/\/ricardovicentelopez.com.ar\/index.php?rest_route=\/wp\/v2\/types\/post"}],"author":[{"embeddable":true,"href":"https:\/\/ricardovicentelopez.com.ar\/index.php?rest_route=\/wp\/v2\/users\/1"}],"replies":[{"embeddable":true,"href":"https:\/\/ricardovicentelopez.com.ar\/index.php?rest_route=%2Fwp%2Fv2%2Fcomments&post=562"}],"version-history":[{"count":0,"href":"https:\/\/ricardovicentelopez.com.ar\/index.php?rest_route=\/wp\/v2\/posts\/562\/revisions"}],"wp:attachment":[{"href":"https:\/\/ricardovicentelopez.com.ar\/index.php?rest_route=%2Fwp%2Fv2%2Fmedia&parent=562"}],"wp:term":[{"taxonomy":"category","embeddable":true,"href":"https:\/\/ricardovicentelopez.com.ar\/index.php?rest_route=%2Fwp%2Fv2%2Fcategories&post=562"},{"taxonomy":"post_tag","embeddable":true,"href":"https:\/\/ricardovicentelopez.com.ar\/index.php?rest_route=%2Fwp%2Fv2%2Ftags&post=562"}],"curies":[{"name":"wp","href":"https:\/\/api.w.org\/{rel}","templated":true}]}}