{"id":558,"date":"2009-09-26T19:34:00","date_gmt":"2009-09-26T19:34:00","guid":{"rendered":"http:\/\/ricardovicentelopez.com.ar\/?p=558"},"modified":"2015-03-21T14:05:05","modified_gmt":"2015-03-21T14:05:05","slug":"las-adolescentes-como-las-ve-la-tv","status":"publish","type":"post","link":"https:\/\/ricardovicentelopez.com.ar\/?p=558","title":{"rendered":"Las adolescentes como las ve la TV"},"content":{"rendered":"<p>La periodista y licenciada en Comunicaci\u00f3n (UBA) Sonia Santoro diplomada en g\u00e9nero y comunicaci\u00f3n, hace un an\u00e1lisis sobre c\u00f3mo se trata a la mujer en los medios de comunicaci\u00f3n. Sostiene que hay un velado sexismo (o machismo) dada la cultura imperante en ellos que los empuja a ver todo con ojos de hombre. Es interesante leer las reflexiones de una mujer porque ella nos ense\u00f1a a los hombres cu\u00e1nto de prejuicio hay en los modos de enfrentar al otro sexo. Titula su nota como Noteros cancheros frente a adolescentes mujeres y anota: \u00abSorpresa y regodeo televisivo mostrando a chicas pele\u00e1ndose o tomando alcohol, en roles supuestamente reservados a los varones. Show de im\u00e1genes sobre mujeres j\u00f3venes delincuentes y violentas. El Informe sobre la representaci\u00f3n de las juventudes en programas informativos y period\u00edsticos de Noviembre 2008\/Marzo 2009, realizado por el Observatorio de Medios de Radio y Televisi\u00f3n sobre cinco programas televisivos, detecta mecanismos period\u00edsticos que estigmatizan a los j\u00f3venes en general pero especialmente a las adolescentes. El informe seleccion\u00f3 cinco programas o segmentos televisivos, tanto de aire como de cable, entre fines de 2008 y principios de 2009. Ellos fueron: La Liga, Canal 11; Polic\u00edas en acci\u00f3n; Los buscaro\u00f1a de Canal 13; Informe especial Ciudad sin control de C5N; Informe Violencia adolescente Canal 26; Informe Impacto 9 J\u00f3venes en riesgo: Mucho alcohol y violencia de Canal 9\u00bb.<br \/>Lo que la periodista resalta es la diferencia con la que se analiza y muestra im\u00e1genes de j\u00f3venes de ambos sexos, y esto es lo que detecta el Informe. \u00abUno de los puntos analizados fue la desigualdad de g\u00e9nero. Partiendo del marco de la teor\u00eda de g\u00e9nero, analizaron que el consumo de alcohol, drogas y el comportamiento violento \u2013temas recurrentes en estos programas-, se naturalizan cuando los protagonistas son varones. \u201cEsto es debido a los estereotipos de g\u00e9nero que definen al var\u00f3n como agresivo, dominante y fuerte, en oposici\u00f3n a los asignados al g\u00e9nero femenino; por lo tanto los comportamientos violentos no son esperados para ellas, interpretando estas conductas de manera bien distinta para unos y otras\u201d, explica el informe\u00bb.<br \/>Es notable c\u00f3mo el ojo y el o\u00eddo entrenado para este tipo de investigaci\u00f3n pueden mostrarnos detalles que escapan a la mayor\u00eda de nosotros. \u00abAs\u00ed, en Polic\u00edas en acci\u00f3n, por ejemplo, cuando el notero inquiere a chicas, lo hace en grupo y se trata de preguntas generales: no parece esperarse nada espectacular de aquello que ellas puedan responder, se\u00f1ala el  informe. En Impacto 9, por otro lado, el periodista describe una pelea callejera: \u201cComienzan las pi\u00f1as, nadie sabe bien por qu\u00e9 empez\u00f3 y la polic\u00eda que interviene para tratar de separar, pero no consigue, la verdad es que la polic\u00eda no da abasto para tratar de separar esto y como ustedes ver\u00e1n, hasta las mujeres forman parte de esto. Uno podr\u00eda pensar que es s\u00f3lo una cuesti\u00f3n de hombres, pero no&#8230;\u201d. Cuando se ve la imagen de una chica agachada, ocultando la cara contra la pared se\u00f1ala: \u201ca la chica le rompieron la nariz\u201d. Contin\u00faa: \u201cAhora son las chicas las que se pelean. De los pelos, pi\u00f1as, cachetazos (&#8230;) Lo que en otra \u00e9poca era pelea de varones ahora es pelea de mujeres\u201d\u00bb.<br \/>Se\u00f1ala en su an\u00e1lisis que all\u00ed se reproduce y naturaliza un rol pasivo de la mujer en la sociedad principalmente desde la sorpresa o  indignaci\u00f3n que despierta que chicas y mujeres sean parte de fen\u00f3menos sociales hist\u00f3ricamente considerados como patrimonio de los hombres. Los estereotipos de g\u00e9nero, en este caso, la violencia f\u00edsica como caracter\u00edstica distintiva de los varones y no esperable en las mujeres, impiden visibilizar que la violencia siempre es repudiable, independientemente de quienes la protagonicen. \u00abAdem\u00e1s se desprende de este hecho que es apreciado un tanto como \u201cgracioso\u201d y de menor calibre comparado con una \u201cpelea de verdad\u201d entre varones. En la misma l\u00ednea, en el segmento de C5N el conductor, despu\u00e9s de que una chica le pega una patada a un muchacho, se\u00f1ala: \u201cme encantar\u00eda saber qu\u00e9 piensan, sobre todo los padres de la chica\u201d\u00bb.<br \/>Y agrega, como detalle sobresaliente en una expresi\u00f3n que intenta ser positiva \u2013analiza el informe- distinguiendo cu\u00e1les  son las bebidas de hombres y cu\u00e1les las de mujeres. En un comentario del conductor Mat\u00edas Martin remata \u00abEl famoso trago de minita, que no es lo mismo que toma un verdadero hombre\u00bb actitud que continua sosteniendo la diferenciaci\u00f3n por g\u00e9nero. Por otro lado, \u00abno se describe ni se enuncia las diferencias entre consumir y abusar del alcohol; podr\u00edamos decir entonces que seg\u00fan este criterio, todos las y los j\u00f3venes se alcoholizan, lo cual trae consecuencias devastadoras. Pero si este supuesto abuso es protagonizado por mujeres j\u00f3venes, la connotaci\u00f3n es a\u00fan peor, perdiendo de vista que cualquier bebida alcoh\u00f3lica de la cual se abuse, trae la misma consecuencia en cualquier ser humano: una intoxicaci\u00f3n\u00bb. <br \/>El Observatorio de la Discriminaci\u00f3n en Radio y Televisi\u00f3n est\u00e1 constituido por el Comit\u00e9 Federal de Radiodifusi\u00f3n (COMFER), el Instituto Nacional contra la Discriminaci\u00f3n, el Racismo y la Xenofobia (INADI) y el Consejo Nacional de la Mujer (CNM); en este caso, cont\u00f3 con la participaci\u00f3n del Foro de juventudes del INADI y del Consejo Federal de Juventud, dependiente del Ministerio de Desarrollo Social.<\/p>\n","protected":false},"excerpt":{"rendered":"<p>La periodista y licenciada en Comunicaci\u00f3n (UBA) Sonia Santoro diplomada en g\u00e9nero y comunicaci\u00f3n, hace un an\u00e1lisis sobre c\u00f3mo se trata a la mujer en los medios de comunicaci\u00f3n. Sostiene que hay un velado sexismo (o machismo) dada la cultura imperante en ellos que los empuja a ver todo con ojos de hombre. Es interesante [&hellip;]<\/p>\n","protected":false},"author":1,"featured_media":0,"comment_status":"open","ping_status":"open","sticky":false,"template":"","format":"standard","meta":{"footnotes":""},"categories":[1],"tags":[],"class_list":["post-558","post","type-post","status-publish","format-standard","hentry","category-sin-categoria"],"_links":{"self":[{"href":"https:\/\/ricardovicentelopez.com.ar\/index.php?rest_route=\/wp\/v2\/posts\/558","targetHints":{"allow":["GET"]}}],"collection":[{"href":"https:\/\/ricardovicentelopez.com.ar\/index.php?rest_route=\/wp\/v2\/posts"}],"about":[{"href":"https:\/\/ricardovicentelopez.com.ar\/index.php?rest_route=\/wp\/v2\/types\/post"}],"author":[{"embeddable":true,"href":"https:\/\/ricardovicentelopez.com.ar\/index.php?rest_route=\/wp\/v2\/users\/1"}],"replies":[{"embeddable":true,"href":"https:\/\/ricardovicentelopez.com.ar\/index.php?rest_route=%2Fwp%2Fv2%2Fcomments&post=558"}],"version-history":[{"count":0,"href":"https:\/\/ricardovicentelopez.com.ar\/index.php?rest_route=\/wp\/v2\/posts\/558\/revisions"}],"wp:attachment":[{"href":"https:\/\/ricardovicentelopez.com.ar\/index.php?rest_route=%2Fwp%2Fv2%2Fmedia&parent=558"}],"wp:term":[{"taxonomy":"category","embeddable":true,"href":"https:\/\/ricardovicentelopez.com.ar\/index.php?rest_route=%2Fwp%2Fv2%2Fcategories&post=558"},{"taxonomy":"post_tag","embeddable":true,"href":"https:\/\/ricardovicentelopez.com.ar\/index.php?rest_route=%2Fwp%2Fv2%2Ftags&post=558"}],"curies":[{"name":"wp","href":"https:\/\/api.w.org\/{rel}","templated":true}]}}