{"id":557,"date":"2009-09-30T12:02:00","date_gmt":"2009-09-30T12:02:00","guid":{"rendered":"http:\/\/ricardovicentelopez.com.ar\/?p=557"},"modified":"2015-03-21T14:05:05","modified_gmt":"2015-03-21T14:05:05","slug":"los-duenos-de-la-palabra","status":"publish","type":"post","link":"https:\/\/ricardovicentelopez.com.ar\/?p=557","title":{"rendered":"Los due\u00f1os de la palabra"},"content":{"rendered":"<p>Dos investigadores de medios de comunicaci\u00f3n, Mart\u00edn Becerra (Conicet) y Guillermo Mastrini (UBA y Universidad Nacional de Quilmes) han publicado un libro: Los due\u00f1os de la palabra: acceso, estructura y concentraci\u00f3n de los medios en la Am\u00e9rica latina del siglo XXI para responder a preguntas que hoy aparecen en los comentarios cotidianos. Su especializaci\u00f3n y versaci\u00f3n en el tema le otorgan autoridad en lo que publican. Ellos dicen: \u00abUna de las preguntas recurrentes en los debates p\u00fablicos sobre la concentraci\u00f3n de medios es: \u00bfqu\u00e9 tan concentrada est\u00e1 la comunicaci\u00f3n que circula, industrialmente, en nuestra sociedad? \u00bfEs novedoso el grado de concentraci\u00f3n de los medios? Desde hace a\u00f1os, nuestro trabajo de investigaci\u00f3n procura responder estos interrogantes, con datos emp\u00edricos. Por ello, hemos publicado el libro. La convergencia tecnol\u00f3gica, de servicios y mercados, y la din\u00e1mica de actuaci\u00f3n supraestatal de buena parte de los actores corporativos agregan una gran complejidad al funcionamiento de los medios de comunicaci\u00f3n y revelan la limitaci\u00f3n de las regulaciones que intentan artificialmente establecer diques legales a un proceso tecnol\u00f3gicamente irreversible que interpela, entonces, la capacidad y creatividad de orientaci\u00f3n de las pol\u00edticas\u00bb, con lo cual nos coloca ante la dificultad que presenta el tema por su complejidad.<br \/>Debemos partir por asumir que: \u00abSi la concentraci\u00f3n de cualquier actividad en pocas manos reduce la diversidad, erosiona la innovaci\u00f3n y empobrece la din\u00e1mica de ese sector, en los medios de comunicaci\u00f3n se afecta, adem\u00e1s, un derecho fundamental. Los medios son los que vertebran en buena medida las noticias y las concepciones que la poblaci\u00f3n construye sobre su vida cotidiana. Sobre esta premisa, las constituciones modernas y los tratados de derechos humanos han alertado acerca de la necesidad de promover el pluralismo\u00bb. El libro Los due\u00f1os de la palabra procura identificar la estructura del sector de la cultura y la informaci\u00f3n industrializadas y relevar qu\u00e9 posibilidad de acceder tiene la sociedad a una informaci\u00f3n plural cuando ese sector presenta estos procesos de concentraci\u00f3n de los principales actores. <br \/>En el estudio presenta comparaciones de nuestro pa\u00eds con situaciones similares a las nuestras: \u00abEn la Argentina, tomando en cuenta la influencia de las cuatro primeras empresas en cada uno de los mercados, resulta que el promedio de concentraci\u00f3n es muy elevado: representa el 84 por ciento por parte de los primeros cuatro operadores, en el caso de la facturaci\u00f3n, y el 83 por ciento en el caso del dominio de mercado (siempre se trata de promedios). Los porcentajes demuestran la consolidaci\u00f3n de una situaci\u00f3n estructural: las industrias culturales y de telecomunicaciones argentinas se hallan fuertemente controladas por las primeras cuatro firmas. Esta situaci\u00f3n se agrava al contemplar los grupos a los que esas firmas pertenecen: generalmente se trata de los mismos due\u00f1os que est\u00e1n ramificados en todas las hileras productivas en casi la totalidad de las industrias consideradas. Particularmente los casos de Clar\u00edn y Telef\u00f3nica se destacan como grupos dominantes, si bien en alg\u00fan caso existen grupos emergentes (como el de Vila-Manzano-De Narv\u00e1ez) que aspiran en el futuro a incrementar su participaci\u00f3n en el mercado\u00bb.<br \/>Agregan m\u00e1s adelante: \u00abLa tendencia entre los indicadores de concentraci\u00f3n del a\u00f1o 2000 y los de 2004 confirma un aumento que profundiza la participaci\u00f3n de menos actores en condiciones cada vez m\u00e1s dominantes: de un promedio del 78 por ciento para los primeros cuatro operadores por dominio de mercado en el a\u00f1o 2000 se pasa a un promedio de 83 por ciento en 2004. En el caso de la facturaci\u00f3n, la tendencia exhibe un incremento todav\u00eda mayor: de una participaci\u00f3n del 73 por ciento en promedio por parte de las cuatro primeras empresas en el a\u00f1o 2000 se pas\u00f3 a un 84 por ciento en 2004. Ambas tendencias merecen analizarse como parte de un proceso en el que las condiciones pol\u00edticas y econ\u00f3micas (la historia de las medidas de los distintos gobiernos, el mayor poder\u00edo de los actores principales generalmente auxiliados econ\u00f3micamente por el Estado y el debilitamiento, gracias a su estrategia de funcionamiento en escala, de las empresas y actores m\u00e1s peque\u00f1os) favorecen la concentraci\u00f3n de la propiedad en los mercados estudiados. Lejos de ser el resultado de un proceso \u201cnatural\u201d, la concentraci\u00f3n en la Argentina ha tenido causas pol\u00edticas y econ\u00f3micas concretas de las que dan testimonio las \u00faltimas tres d\u00e9cadas. M\u00e1s all\u00e1 de las interpretaciones y posicionamientos variopintos, los \u00edndices de concentraci\u00f3n reclaman una atenta mirada por parte de la sociedad, ya que est\u00e1n condicionando su potencial deliberativo\u00bb.<br \/>Es un interesante planteo, apropiado para incorporar a los debates p\u00fablicos y privados, ya que toda esta informaci\u00f3n no circula por esos medios concentrados que son analizados por estos autores.<\/p>\n","protected":false},"excerpt":{"rendered":"<p>Dos investigadores de medios de comunicaci\u00f3n, Mart\u00edn Becerra (Conicet) y Guillermo Mastrini (UBA y Universidad Nacional de Quilmes) han publicado un libro: Los due\u00f1os de la palabra: acceso, estructura y concentraci\u00f3n de los medios en la Am\u00e9rica latina del siglo XXI para responder a preguntas que hoy aparecen en los comentarios cotidianos. Su especializaci\u00f3n y [&hellip;]<\/p>\n","protected":false},"author":1,"featured_media":0,"comment_status":"open","ping_status":"open","sticky":false,"template":"","format":"standard","meta":{"footnotes":""},"categories":[1],"tags":[],"class_list":["post-557","post","type-post","status-publish","format-standard","hentry","category-sin-categoria"],"_links":{"self":[{"href":"https:\/\/ricardovicentelopez.com.ar\/index.php?rest_route=\/wp\/v2\/posts\/557","targetHints":{"allow":["GET"]}}],"collection":[{"href":"https:\/\/ricardovicentelopez.com.ar\/index.php?rest_route=\/wp\/v2\/posts"}],"about":[{"href":"https:\/\/ricardovicentelopez.com.ar\/index.php?rest_route=\/wp\/v2\/types\/post"}],"author":[{"embeddable":true,"href":"https:\/\/ricardovicentelopez.com.ar\/index.php?rest_route=\/wp\/v2\/users\/1"}],"replies":[{"embeddable":true,"href":"https:\/\/ricardovicentelopez.com.ar\/index.php?rest_route=%2Fwp%2Fv2%2Fcomments&post=557"}],"version-history":[{"count":0,"href":"https:\/\/ricardovicentelopez.com.ar\/index.php?rest_route=\/wp\/v2\/posts\/557\/revisions"}],"wp:attachment":[{"href":"https:\/\/ricardovicentelopez.com.ar\/index.php?rest_route=%2Fwp%2Fv2%2Fmedia&parent=557"}],"wp:term":[{"taxonomy":"category","embeddable":true,"href":"https:\/\/ricardovicentelopez.com.ar\/index.php?rest_route=%2Fwp%2Fv2%2Fcategories&post=557"},{"taxonomy":"post_tag","embeddable":true,"href":"https:\/\/ricardovicentelopez.com.ar\/index.php?rest_route=%2Fwp%2Fv2%2Ftags&post=557"}],"curies":[{"name":"wp","href":"https:\/\/api.w.org\/{rel}","templated":true}]}}