{"id":554,"date":"2009-10-11T10:51:00","date_gmt":"2009-10-11T10:51:00","guid":{"rendered":"http:\/\/ricardovicentelopez.com.ar\/?p=554"},"modified":"2015-03-21T14:05:05","modified_gmt":"2015-03-21T14:05:05","slug":"muy-entretenidos-pero-mal-informados-ii","status":"publish","type":"post","link":"https:\/\/ricardovicentelopez.com.ar\/?p=554","title":{"rendered":"Muy entretenidos pero mal informados II"},"content":{"rendered":"<p>Este modelo de informaci\u00f3n, que nuestros medios reproducen con una devoci\u00f3n sacramental, muestra una disparidad de criterios seg\u00fan a quien se les aplique ciertos calificativos, el modo de an\u00e1lisis, y las reflexiones que se pueden desprender de todo ello. La Real Academia de la Lengua nos informa que la palabra piquete puede significar: \u00abGrupo poco numeroso de soldados que se emplea en diferentes servicios extraordinarios\u00bb, y la palabra piquetero: \u00abMuchacho que lleva de una parte a otra las piquetas a los trabajadores de las minas\u00bb. Nos queda claro que la utilizaci\u00f3n period\u00edstica, que se impuso en el habla cotidiana, s\u00f3lo puede ser aceptada por analog\u00eda. A pesar de ello adquiri\u00f3 un sentido claramente peyorativo que pod\u00eda ser utilizado s\u00f3lo con aquellas personas que deb\u00edan reunir (caprichosamente) algunas caracter\u00edsticas que es ocioso repetir por lo conocido por todos.<br \/>Entonces todo aquel grupo de personas que cortaran el tr\u00e1nsito de calles o rutas se convertir\u00edan en piqueteros siempre y cuando respondieran a esas caprichosas, pero no casuales, definiciones impuestas medi\u00e1ticamente. Por ejemplo, si trabajadores o desocupados interrumpen el tr\u00e1nsito son piqueteros, en cambio si esto lo hacen personas pertenecientes a las clases privilegiadas (caceroleras de Barrio Norte, poseedores de extensiones de campo de importancia) se convierte en un reclamo justo de gente perjudicada por el Estado. <br \/>El periodista Ernesto Carmona, siguiendo se an\u00e1lisis sobre c\u00f3mo se informa ejemplifica esto con el siguiente comentario: \u00abEn otro esfuerzo emblem\u00e1tico de enga\u00f1o con \u00abpropaganda informativa\u00bb, CNN en espa\u00f1ol envi\u00f3 a Luis Carlos V\u00e9lez a hacer un \u00abpubli-reportaje\u00bb sobre la guerrilla en Colombia, pero desde la \u00f3ptica del gobierno de \u00c1lvaro Uribe. La \u00abcobertura\u00bb de CNN no fue cre\u00edble ni imparcial, sino descarada propaganda de guerra a favor del gobierno y su concepto de qu\u00e9 es \u201cla democracia\u201d, muy alejada del mito de la imparcialidad que proclama la cadena de noticias para inyectarles credibilidad a las mentes de sus consumidores. Incluso, la \u00abproducci\u00f3n log\u00edstica\u201d de la \u201ccobertura de V\u00e9lez\u00bb, que hizo su trabajo camuflado e incrustado entre las tropas, estuvo a cargo del ej\u00e9rcito colombiano, que proporcion\u00f3 helic\u00f3pteros, \u201cacci\u00f3n en vivo\u201d y hasta el vestuario del improvisado corresponsal, cuyo \u201creportaje\u201d omiti\u00f3 aspectos claves de la realidad-real, como la acci\u00f3n impune de los paramilitares y el asesinato frecuente de la empobrecida poblaci\u00f3n campesina forzada a abandonar su h\u00e1bitat natural, en el mismo escenario de guerra visitado por el reportero-turista de CNN\u00bb.<br \/>Sigue mostrando los modos de actuar de CNN: \u00abCNN reporta las acciones militares del gobierno para aniquilar a la guerrilla, pero nunca menciona a los paramilitares ni su v\u00ednculo con el narcotr\u00e1fico; entonces, \u00bfde qu\u00e9 equilibrio informativo hablan?\u00bb, cuestion\u00f3 Jos\u00e9 Dos Santos, director ejecutivo de la Comisi\u00f3n Investigadora de Atentados a Periodistas (CIAP), de la FELAP. Agreg\u00f3 que \u00abCNN trabaja junto a otros grupos medi\u00e1ticos de Am\u00e9rica Latina para socavar la credibilidad de los gobiernos progresistas en la regi\u00f3n y perpetuar el dominio hegem\u00f3nico de las oligarqu\u00edas\u00bb. Casualmente, el gobierno de Colombia es el principal avisador de todos los noticiarios de CNN en espa\u00f1ol, con espacios que muestran los paisajes paradis\u00edacos de una naci\u00f3n buc\u00f3lica y hermosa, tanto\u2026 que el \u00fanico riesgo del visitante \u00abes querer quedarse\u00bb a vivir para siempre en ese ed\u00e9n provisto de tiendas y mercados urbanos en que todo se puede comprar, desde vestuario a la moda a sofisticadas comidas de restaurante. Supuestamente, el joven V\u00e9lez est\u00e1 encargado de la secci\u00f3n de negocios de CNN en espa\u00f1ol en Atlanta y es presentador de Agenda Ejecutiva, un programa mensual que ensalza a los ejecutivos de grandes corporaciones que suelen viajar por negocios, pero ahora incursion\u00f3 en la secci\u00f3n comercial de la cadena como protagonista directo de reportajes de propaganda abierta disfrazada como \u00abnoticia\u00bb. Un enga\u00f1o\u00bb.<br \/>Entonces \u00bfc\u00f3mo debemos entender? \u00bfse trata de periodismo, publicidad o negocios? \u00bfes muy diferente a lo que hacen en nuestro pa\u00eds?<\/p>\n","protected":false},"excerpt":{"rendered":"<p>Este modelo de informaci\u00f3n, que nuestros medios reproducen con una devoci\u00f3n sacramental, muestra una disparidad de criterios seg\u00fan a quien se les aplique ciertos calificativos, el modo de an\u00e1lisis, y las reflexiones que se pueden desprender de todo ello. La Real Academia de la Lengua nos informa que la palabra piquete puede significar: \u00abGrupo poco [&hellip;]<\/p>\n","protected":false},"author":1,"featured_media":0,"comment_status":"open","ping_status":"open","sticky":false,"template":"","format":"standard","meta":{"footnotes":""},"categories":[1],"tags":[],"class_list":["post-554","post","type-post","status-publish","format-standard","hentry","category-sin-categoria"],"_links":{"self":[{"href":"https:\/\/ricardovicentelopez.com.ar\/index.php?rest_route=\/wp\/v2\/posts\/554","targetHints":{"allow":["GET"]}}],"collection":[{"href":"https:\/\/ricardovicentelopez.com.ar\/index.php?rest_route=\/wp\/v2\/posts"}],"about":[{"href":"https:\/\/ricardovicentelopez.com.ar\/index.php?rest_route=\/wp\/v2\/types\/post"}],"author":[{"embeddable":true,"href":"https:\/\/ricardovicentelopez.com.ar\/index.php?rest_route=\/wp\/v2\/users\/1"}],"replies":[{"embeddable":true,"href":"https:\/\/ricardovicentelopez.com.ar\/index.php?rest_route=%2Fwp%2Fv2%2Fcomments&post=554"}],"version-history":[{"count":0,"href":"https:\/\/ricardovicentelopez.com.ar\/index.php?rest_route=\/wp\/v2\/posts\/554\/revisions"}],"wp:attachment":[{"href":"https:\/\/ricardovicentelopez.com.ar\/index.php?rest_route=%2Fwp%2Fv2%2Fmedia&parent=554"}],"wp:term":[{"taxonomy":"category","embeddable":true,"href":"https:\/\/ricardovicentelopez.com.ar\/index.php?rest_route=%2Fwp%2Fv2%2Fcategories&post=554"},{"taxonomy":"post_tag","embeddable":true,"href":"https:\/\/ricardovicentelopez.com.ar\/index.php?rest_route=%2Fwp%2Fv2%2Ftags&post=554"}],"curies":[{"name":"wp","href":"https:\/\/api.w.org\/{rel}","templated":true}]}}