{"id":547,"date":"2009-11-03T19:15:00","date_gmt":"2009-11-03T19:15:00","guid":{"rendered":"http:\/\/ricardovicentelopez.com.ar\/?p=547"},"modified":"2015-03-21T14:05:04","modified_gmt":"2015-03-21T14:05:04","slug":"las-ideas-de-los-patrones-de-estancias","status":"publish","type":"post","link":"https:\/\/ricardovicentelopez.com.ar\/?p=547","title":{"rendered":"Las ideas de los patrones de estancias"},"content":{"rendered":"<p>Yo no s\u00e9 si es una opini\u00f3n m\u00eda que va ganando mi esp\u00edritu en estos \u00faltimos tiempos o si, por el contrario, refleja un proceso que llevar\u00eda mucho tiempo estudiar. Como no dispongo del tiempo para emprender una tarea de esa magnitud me disculpo de expresar algo que es una apreciaci\u00f3n personal para que quien me lea la analice y decida. Hace unas d\u00e9cadas atr\u00e1s, no tantas, cuando en la Argentina se le\u00edan manifestaciones de diversos dirigentes de las derechas de Am\u00e9rica daba la impresi\u00f3n de que se dec\u00edan cosas muy burdas, poco elaboradas, mucho menos refinadas por personas de buena formaci\u00f3n. Sonaban a \u201cpatr\u00f3n de estancias\u201d hablando de sus peones o de sus ganancias sagradas que alguna ley, ligeramente progresista, osaba rebanarles algo. Hoy leer como se expresan en Honduras los golpistas, sus argumentaciones, sus conclusiones nos retrotraen a lo peor del siglo XIX.<br \/>Sin embargo, en aquella Argentina de mitad del siglo XX en adelante, se pod\u00eda escuchar a los representantes de esas derechas, hombres m\u00e1s moderados (aunque s\u00f3lo lo fueran en los modales), m\u00e1s cultos (aunque usaran su cultura para encubrir sus ambiciones) y m\u00e1s equilibrados y maduros para aceptar un di\u00e1logo que acercara posiciones con quienes no pensaban como ellos. Hoy todo ello se ha perdido. Los pol\u00edticos de la oposici\u00f3n recalcitrante en nada se parecen a aquellos diputados o senadores  de hace alguna a\u00f1os. Hoy muestran una conducta por la que exhiben tan poco pudor como para desdecirse de algo que han sostenido tan poco tiempo atr\u00e1s, y argumentar con la misma vehemencia o, tal vez, m\u00e1s porque es necesario gritar para que no se oiga lo que hab\u00eda sido dicho. Y no se trata de discursos improvisados sino de proyectos presentados en ambas c\u00e1maras de los cuales se desentienden. Vuelve a mi memoria la figura del maestro Casullo cuando nos advirti\u00f3 de los discursos destituyentes. Sus palabras levantaron mucho repudio pero poca argumentaci\u00f3n seria. Es que no era sencillo refutar la elaborad\u00edsima cultura y su fina pluma. Nadie de los que gritan estaba en condiciones de sentarse a debatir con \u00e9l de temas serios. Volvamos a las palabras destituyentes.<br \/>Recojo de la prensa la informaci\u00f3n de lo que se dijo en el 45\u00ba Coloquio Anual de IDEA, que ha padecido el mismo deterioro intelectual que se puede encontrar en la dirigencia pol\u00edtica. Y esto es grave porque gran parte de los que all\u00ed se re\u00fanen son los que dictan l\u00edneas de acci\u00f3n respecto de la pol\u00edtica y la econom\u00eda de nuestro pa\u00eds, cosa que muchos de nuestros dirigentes siguen al pie de la letra. Un caso p\u00fablico de primera l\u00ednea es el presidente de la Sociedad Rural Argentina (instituci\u00f3n de triste historia, acompa\u00f1ante de todos los golpes militares). Leamos: \u00abBiolcati se mostr\u00f3 nuevamente desbocado. Asegur\u00f3 que se siente \u201cdemonizado\u201d por \u201cganar dinero\u201d e inst\u00f3 a los due\u00f1os de las empresas a involucrarse m\u00e1s en las decisiones y menos en aparecer en las fotos con los funcionarios de turno. Biolcati se\u00f1al\u00f3 al \u201cEstado\u201d como el \u201cenemigo com\u00fan\u201d de los productores agropecuarios e industriales. El titular de la Uni\u00f3n Industrial Argentina, H\u00e9ctor M\u00e9ndez, quien comparti\u00f3 el panel con Biolcati, intent\u00f3 morigerar esa provocaci\u00f3n. Si bien se mostr\u00f3 partidario de una relaci\u00f3n m\u00e1s fluida entre el campo y la industria, consider\u00f3 que debe servir para generar propuestas\u00bb. <br \/>Seg\u00fan la informaci\u00f3n era \u00e9ste el panel m\u00e1s esperado por los concurrentes, lo que habla claramente de donde se ubica la dirigencia empresaria. Este d\u00fao: \u00abNo defraud\u00f3 para deleite del establishment. Los expositores reflejaron que hace tiempo que dejaron las diferencias de lado y que se posicionan como un nuevo grupo de presi\u00f3n: quieren reflotar el Grupo de los Siete. Ese nucleamiento lo integran adem\u00e1s bancos, c\u00e1maras de comercio y de construcci\u00f3n y la Bolsa\u00bb. Este es el pretendido gobierno paralelo pero no \u201cde las sombras\u201d se exponen a plena luz del d\u00eda.<br \/>Obs\u00e9rvese el tono de patr\u00f3n: \u00abEl empresario s\u00f3lo responde a esas agresiones para defenderse\u2026 en el pa\u00eds no existen ya grandes productores sino \u201cmedianos\u201d y \u201cpeque\u00f1os\u201d. De todos modos, el campo es menos \u201cvulnerable\u201d que otras actividades y que \u201cpuede plantarse ante un gobierno\u201d. \u201cLo que se necesita es un sistema entre nosotros, un mayor involucramiento del mandam\u00e1s en las decisiones. No puede ser que el CEO de una empresa decida algo mientras el due\u00f1o se re\u00fane con el Gobierno para la foto\u00bb, dijo Biolcati. \u00bfPor qu\u00e9 hoy pueden ponerse de acuerdo? \u00abNos junta el enemigo com\u00fan, el Estado, que se est\u00e1 quedando con la renta y con las empresas, con las nuestras y con las de ustedes\u00bb.<br \/>Si se entiende bien, no quieren pagar impuestos. Los irrisorios que pagan en la provincia de Buenos Aires no admitieron una suba y se plantaron. Hay campos que pagan menos que un departamento de dos ambientes en Capital. Creo que queda claro es un retorno ideol\u00f3gico al siglo XIX, eso proponen. Para lograrlo no tiemblan en provocar un golpe de Estado.<\/p>\n","protected":false},"excerpt":{"rendered":"<p>Yo no s\u00e9 si es una opini\u00f3n m\u00eda que va ganando mi esp\u00edritu en estos \u00faltimos tiempos o si, por el contrario, refleja un proceso que llevar\u00eda mucho tiempo estudiar. Como no dispongo del tiempo para emprender una tarea de esa magnitud me disculpo de expresar algo que es una apreciaci\u00f3n personal para que quien [&hellip;]<\/p>\n","protected":false},"author":1,"featured_media":0,"comment_status":"open","ping_status":"open","sticky":false,"template":"","format":"standard","meta":{"footnotes":""},"categories":[1],"tags":[],"class_list":["post-547","post","type-post","status-publish","format-standard","hentry","category-sin-categoria"],"_links":{"self":[{"href":"https:\/\/ricardovicentelopez.com.ar\/index.php?rest_route=\/wp\/v2\/posts\/547","targetHints":{"allow":["GET"]}}],"collection":[{"href":"https:\/\/ricardovicentelopez.com.ar\/index.php?rest_route=\/wp\/v2\/posts"}],"about":[{"href":"https:\/\/ricardovicentelopez.com.ar\/index.php?rest_route=\/wp\/v2\/types\/post"}],"author":[{"embeddable":true,"href":"https:\/\/ricardovicentelopez.com.ar\/index.php?rest_route=\/wp\/v2\/users\/1"}],"replies":[{"embeddable":true,"href":"https:\/\/ricardovicentelopez.com.ar\/index.php?rest_route=%2Fwp%2Fv2%2Fcomments&post=547"}],"version-history":[{"count":0,"href":"https:\/\/ricardovicentelopez.com.ar\/index.php?rest_route=\/wp\/v2\/posts\/547\/revisions"}],"wp:attachment":[{"href":"https:\/\/ricardovicentelopez.com.ar\/index.php?rest_route=%2Fwp%2Fv2%2Fmedia&parent=547"}],"wp:term":[{"taxonomy":"category","embeddable":true,"href":"https:\/\/ricardovicentelopez.com.ar\/index.php?rest_route=%2Fwp%2Fv2%2Fcategories&post=547"},{"taxonomy":"post_tag","embeddable":true,"href":"https:\/\/ricardovicentelopez.com.ar\/index.php?rest_route=%2Fwp%2Fv2%2Ftags&post=547"}],"curies":[{"name":"wp","href":"https:\/\/api.w.org\/{rel}","templated":true}]}}