{"id":539,"date":"2009-11-29T10:59:00","date_gmt":"2009-11-29T10:59:00","guid":{"rendered":"http:\/\/ricardovicentelopez.com.ar\/?p=539"},"modified":"2015-03-21T14:05:04","modified_gmt":"2015-03-21T14:05:04","slug":"el-poder-de-los-laboratorios-medicinales-iv-2","status":"publish","type":"post","link":"https:\/\/ricardovicentelopez.com.ar\/?p=539","title":{"rendered":"El poder de los laboratorios medicinales IV"},"content":{"rendered":"<p>El periodista Salvador L\u00f3pez Arnal, tambi\u00e9n profesor-tutor de Matem\u00e1ticas en la Universidad Nacional de Educaci\u00f3n a Distancia (UNED) y de inform\u00e1tica de ciclos formativos, intento decir una persona de una s\u00f3lida formaci\u00f3n integral, lo cual avala y da cr\u00e9dito a los di\u00e1logos que \u00e9l realiza por la selecci\u00f3n de sus invitados. Ha publicado su encuentro con Miguel Jara, escritor, periodista especializado en la investigaci\u00f3n de temas de salud y ecolog\u00eda, corresponsal en Espa\u00f1a de nada menos que el British Medical Journal (BMJ) y usual colaborador de la revista Discovery DSalud. Este \u00faltimo ha realizado la investigaci\u00f3n que sirvi\u00f3 de base para el documental \u201cCarga t\u00f3xica\u201d de Documentos TV (TVE) sobre los efectos en nuestra salud de las sustancias qu\u00edmicas que existen en nuestro medio ambiente y es igualmente autor de Traficantes de salud (Icaria, Barcelona, 2007); Conspiraciones t\u00f3xicas (Mart\u00ednez Roca, Barcelona, 2007), en colaboraci\u00f3n con Rafael Carrasco y Joaqu\u00edn Vidal, y de La salud que viene. Nuevas enfermedades y el marketing del miedo (Pen\u00ednsula, Barcelona, 2009), su ensayo m\u00e1s reciente.<br \/>Voy a citar parte de lo que se dijo y hacer algunos comentarios. Si he tomado tantas precauciones se debe al tipo de informaci\u00f3n que se hace p\u00fablica que requiere el aval de seriedad profesional de quien lo hace. Estas manifestaciones se inscriben en la l\u00ednea de lo que vengo publicando. Introduce Miguel Jara un concepto que sorprende: \u00abEl marketing del miedo es la expansi\u00f3n de manera perfectamente controlada, premeditada y estructurada del miedo entre la poblaci\u00f3n para, en el caso que analizo, hacer creer a la ciudadan\u00eda que puede estar o est\u00e1 enferma y as\u00ed vender medicamentos, antivirales y\/o vacunas. Se utiliza para \u201cobligar\u201d a la poblaci\u00f3n a abrazar las soluciones \u201cestablecidas\u201d y hoy est\u00e1 cada vez m\u00e1s extendido entre las pr\u00e1cticas de la industria farmac\u00e9utica y as\u00ed podemos comprobarlo en la \u00faltima d\u00e9cada con los ejemplos de la \u201cepidemia\u201d de gripe aviar, la gran campa\u00f1a de lobby y marketing del miedo para vender la vacuna contra el virus del papiloma humano o la \u201cpandemia\u201d de la gripe A. Creo que al concluir la lectura de mi \u00faltimo libro puede entenderse bien el fen\u00f3meno de la invenci\u00f3n o exageraci\u00f3n de enfermedades al que asistimos durante los \u00faltimos a\u00f1os\u00bb. En notas anteriores ya hab\u00eda aparecido algo similar de parte de la Doctora Teresa Forcades i Vila que ahora adquiere un concepto espec\u00edfico: una metodolog\u00eda de marketing para incrementar la venta de determinados espec\u00edficos.<br \/>Esto puede empujar hacia una actitud de rechazo al avance de la medicina y de sus logros terap\u00e9uticos, por ello aclara: \u00abPartimos de la base de que casi cualquier consecuci\u00f3n humana es t\u00e9cnica, pero si estamos de acuerdo en que hemos llegado a un punto en que todo, absolutamente todo ha de ser revisado bajo el paradigma \u00e9tico, debemos concluir que no vale todo, que no vale toda t\u00e9cnica sino que s\u00f3lo vale la t\u00e9cnica que tenga a las personas como objetivo: inventar la bomba at\u00f3mica fue un prodigio t\u00e9cnico que hoy supongo que la mayor parte de la ciudadan\u00eda tachar\u00eda de monstruoso. Hoy existen servicios y tecnolog\u00edas que son puros objetos de consumo para el mercado y que en su mayor parte adem\u00e1s provocan graves impactos ambientales y merman nuestra salud. Y las personas que enferman por vivir en nuestra sociedad, s\u00f3lo por hecho de \u201cestar\u201d en esta sociedad son el vivo retrato del fracaso del modelo econ\u00f3mico\u00bb.<br \/>Equivale a decir. Si bien la tecnolog\u00eda ha aportado numerosos progresos en el cuidado de la salud p\u00fablica, no por ello todo lo que ella produzca debe ser aceptado sin m\u00e1s. El predominio de un modo de entender la producci\u00f3n (en este caso la de medicamentos) cuyo objetivo excluyente es el lucro, \u00e9ste subordina todo a ese logro. Aparecen entonces maniobras non santas mediante las cuales se intenta vender hasta lo innecesario, que en este caso se convierte, como ya vimos, en la invenci\u00f3n de nuevas enfermedades para las cuales ya se tiene preparado un medicamento espec\u00edfico.<\/p>\n","protected":false},"excerpt":{"rendered":"<p>El periodista Salvador L\u00f3pez Arnal, tambi\u00e9n profesor-tutor de Matem\u00e1ticas en la Universidad Nacional de Educaci\u00f3n a Distancia (UNED) y de inform\u00e1tica de ciclos formativos, intento decir una persona de una s\u00f3lida formaci\u00f3n integral, lo cual avala y da cr\u00e9dito a los di\u00e1logos que \u00e9l realiza por la selecci\u00f3n de sus invitados. Ha publicado su encuentro [&hellip;]<\/p>\n","protected":false},"author":1,"featured_media":0,"comment_status":"open","ping_status":"open","sticky":false,"template":"","format":"standard","meta":{"footnotes":""},"categories":[1],"tags":[],"class_list":["post-539","post","type-post","status-publish","format-standard","hentry","category-sin-categoria"],"_links":{"self":[{"href":"https:\/\/ricardovicentelopez.com.ar\/index.php?rest_route=\/wp\/v2\/posts\/539","targetHints":{"allow":["GET"]}}],"collection":[{"href":"https:\/\/ricardovicentelopez.com.ar\/index.php?rest_route=\/wp\/v2\/posts"}],"about":[{"href":"https:\/\/ricardovicentelopez.com.ar\/index.php?rest_route=\/wp\/v2\/types\/post"}],"author":[{"embeddable":true,"href":"https:\/\/ricardovicentelopez.com.ar\/index.php?rest_route=\/wp\/v2\/users\/1"}],"replies":[{"embeddable":true,"href":"https:\/\/ricardovicentelopez.com.ar\/index.php?rest_route=%2Fwp%2Fv2%2Fcomments&post=539"}],"version-history":[{"count":0,"href":"https:\/\/ricardovicentelopez.com.ar\/index.php?rest_route=\/wp\/v2\/posts\/539\/revisions"}],"wp:attachment":[{"href":"https:\/\/ricardovicentelopez.com.ar\/index.php?rest_route=%2Fwp%2Fv2%2Fmedia&parent=539"}],"wp:term":[{"taxonomy":"category","embeddable":true,"href":"https:\/\/ricardovicentelopez.com.ar\/index.php?rest_route=%2Fwp%2Fv2%2Fcategories&post=539"},{"taxonomy":"post_tag","embeddable":true,"href":"https:\/\/ricardovicentelopez.com.ar\/index.php?rest_route=%2Fwp%2Fv2%2Ftags&post=539"}],"curies":[{"name":"wp","href":"https:\/\/api.w.org\/{rel}","templated":true}]}}