{"id":534,"date":"2009-12-16T14:06:00","date_gmt":"2009-12-16T14:06:00","guid":{"rendered":"http:\/\/ricardovicentelopez.com.ar\/?p=534"},"modified":"2015-03-21T14:05:04","modified_gmt":"2015-03-21T14:05:04","slug":"miremos-hacia-adentro","status":"publish","type":"post","link":"https:\/\/ricardovicentelopez.com.ar\/?p=534","title":{"rendered":"Miremos hacia adentro"},"content":{"rendered":"<p>Despu\u00e9s de varias notas en las que hemos podido hacernos cargo de c\u00f3mo est\u00e1 esta globalizaci\u00f3n, en manos de quienes est\u00e1n las decisiones que nos involucran a una gran mayor\u00eda del planeta, cu\u00e1les son los pocos (o casi nulos) l\u00edmites que se ponen ante la sagrada tarea de ganar dinero de cualquier modo, volvamos la vista a nuestra sociedad y veamos en qu\u00e9 estado nos encontramos. Ya, en alguna nota anterior, me he referido al nivel deplorable de las dirigencias (pol\u00edticas, deportivas, period\u00edsticas, sociales, educacionales, econ\u00f3micas, empresariales, institucionales de todo tipo) que tienen en sus manos los destinos de todos nosotros como comunidad pol\u00edtica (antes se dec\u00eda la Naci\u00f3n, pero por alguna raz\u00f3n las palabras desaparecen). <br \/>Sin embargo, esta descripci\u00f3n peca de una caracter\u00edstica muy com\u00fan a nuestros modos actuales de vivir y pensar: \u00abel problema es de los otros\u00bb. Los medios se detienen largamente en las \u201cdificultades\u201d dentro de las cuales estamos sumergidos, pero nunca hacen referencia a nuestra conducta ciudadana, la de todos nosotros, incluidos ellos, que hace alarde de una despreocupaci\u00f3n infinita por lo que podr\u00edamos denominar (con viejas palabras) \u201cel bien com\u00fan\u201d, es decir la salud socio-pol\u00edtica de la comunidad por encima de los intereses particulares. Estas conductas pueden observarse desde c\u00f3mo se maneja en el tr\u00e1nsito hasta en c\u00f3mo se vota. Se me podr\u00e1 decir que mezclo peras con tornillos, d\u00e9jenme explicar.<br \/>Un respetable periodista, como lo es Washington Uranga, se ha detenido a pensar a partir de un informe del Observatorio Pol\u00edtico y Electoral integrado por investigadores y docentes de la UBA: \u00abse pone en evidencia, una vez m\u00e1s, que las decisiones electorales no est\u00e1n vinculadas mayormente con convicciones profundas y con el an\u00e1lisis de trayectorias, sino m\u00e1s bien con una serie de circunstancias, muchas de ellas coyunturales y, en buena parte de los casos, no directamente ligadas a lo que se pone en juego. En este caso: la reciente elecci\u00f3n de legisladores. Un dato no menor, tambi\u00e9n resultado del estudio, es que el 15 por ciento de los encuestados dice haber inclinado su voto por alguno de los candidatos el mismo d\u00eda del acto electoral. Y en ese sentido no hay mayor contraste entre los diferentes candidatos (15 por ciento de los que votaron por Michetti, 15,4 de los que lo hicieron a favor de Heller, el 15,7 de los que se inclinaron por Prat Gay y 15,2 de los que se decidieron por Pino Solanas)\u00bb. La importancia de una votaci\u00f3n parece haber sido decidida en \u201ccara o cruz\u201d circunstancial.<br \/>Se desprende del trabajo de este equipo que \u00aben la mayor\u00eda de los casos el voto es un bien vol\u00e1til, sobre todo en el electorado de clase media. Pero podr\u00eda decirse lo mismo de los resultados de zonas del conurbano que otrora se consideraban \u201ccautivas\u201d del voto justicialista y que ahora emigraron hacia otros horizontes\u00bb. Esta falta de lo que hubi\u00e9ramos llamado en otras \u00e9pocas \u201cfalta de coherencia\u201d hoy se la califica de libertad de los votantes. La muy proclamada \u201clibertad\u201d permite esta variancia tan amplia que se corre de un extremo a otro del arco pol\u00edtico-ideol\u00f3gico. \u00bfEsto es un avance o un retroceso? La incorporaci\u00f3n de metodolog\u00edas del marketing a las campa\u00f1as electorales \u00bftiene alguna responsabilidad en estos virajes eleccionarios? En \u00faltima instancia \u00bfqu\u00e9 pas\u00f3 para que la conciencia pol\u00edtica se haya vuelto tan vol\u00e1til, tan inconsistente, tan voluble?<br \/>El Sr. Uranga nos acompa\u00f1a en estas reflexiones: \u00abLa pol\u00edtica contempor\u00e1nea tiene razones que la raz\u00f3n pol\u00edtica no puede explicar. Las preferencias electorales est\u00e1n marcadas m\u00e1s que por las convicciones profundas (esas que podr\u00edamos llamar ideol\u00f3gicas) por los intereses personales (aquello que favorece a mi bolsillo, por ejemplo), las circunstancias recientes o, tan s\u00f3lo, por los humores pasajeros, tal como lo podr\u00eda revelar el hecho de la cantidad de personas que decidieron el sentido de su sufragio el mismo d\u00eda de la elecci\u00f3n. Vale la pena preguntarse cu\u00e1l es el sentido de la pol\u00edtica hoy. O c\u00f3mo consolidar propuestas pol\u00edticas que se apoyen en convicciones fuertes y alimenten procesos de mediano y largo plazo. Esta deber\u00eda ser la respuesta a buscar, si es que no queremos quedar sometidos simplemente al manejo de los creativos y estrategas del marketing siempre contratados por los que m\u00e1s dinero y poder tienen. Sin perder de vista, claro est\u00e1, que el voto es apenas una expresi\u00f3n de la pol\u00edtica y que la democracia se construye todos los d\u00edas a trav\u00e9s de m\u00faltiples herramientas. Pero, para bien o para mal, en el sistema democr\u00e1tico el voto determina los gobernantes y con ellos la orientaci\u00f3n que se le quiere dar a la sociedad\u00bb.<br \/>Ahora se puede entender por qu\u00e9 invit\u00e9 a mirar para adentro, para hacernos cargo de la parte de culpa que tenemos en el estado actual de cosas que padecemos.<\/p>\n","protected":false},"excerpt":{"rendered":"<p>Despu\u00e9s de varias notas en las que hemos podido hacernos cargo de c\u00f3mo est\u00e1 esta globalizaci\u00f3n, en manos de quienes est\u00e1n las decisiones que nos involucran a una gran mayor\u00eda del planeta, cu\u00e1les son los pocos (o casi nulos) l\u00edmites que se ponen ante la sagrada tarea de ganar dinero de cualquier modo, volvamos la [&hellip;]<\/p>\n","protected":false},"author":1,"featured_media":0,"comment_status":"open","ping_status":"open","sticky":false,"template":"","format":"standard","meta":{"footnotes":""},"categories":[1],"tags":[],"class_list":["post-534","post","type-post","status-publish","format-standard","hentry","category-sin-categoria"],"_links":{"self":[{"href":"https:\/\/ricardovicentelopez.com.ar\/index.php?rest_route=\/wp\/v2\/posts\/534","targetHints":{"allow":["GET"]}}],"collection":[{"href":"https:\/\/ricardovicentelopez.com.ar\/index.php?rest_route=\/wp\/v2\/posts"}],"about":[{"href":"https:\/\/ricardovicentelopez.com.ar\/index.php?rest_route=\/wp\/v2\/types\/post"}],"author":[{"embeddable":true,"href":"https:\/\/ricardovicentelopez.com.ar\/index.php?rest_route=\/wp\/v2\/users\/1"}],"replies":[{"embeddable":true,"href":"https:\/\/ricardovicentelopez.com.ar\/index.php?rest_route=%2Fwp%2Fv2%2Fcomments&post=534"}],"version-history":[{"count":0,"href":"https:\/\/ricardovicentelopez.com.ar\/index.php?rest_route=\/wp\/v2\/posts\/534\/revisions"}],"wp:attachment":[{"href":"https:\/\/ricardovicentelopez.com.ar\/index.php?rest_route=%2Fwp%2Fv2%2Fmedia&parent=534"}],"wp:term":[{"taxonomy":"category","embeddable":true,"href":"https:\/\/ricardovicentelopez.com.ar\/index.php?rest_route=%2Fwp%2Fv2%2Fcategories&post=534"},{"taxonomy":"post_tag","embeddable":true,"href":"https:\/\/ricardovicentelopez.com.ar\/index.php?rest_route=%2Fwp%2Fv2%2Ftags&post=534"}],"curies":[{"name":"wp","href":"https:\/\/api.w.org\/{rel}","templated":true}]}}