{"id":532,"date":"2009-12-23T13:21:00","date_gmt":"2009-12-23T13:21:00","guid":{"rendered":"http:\/\/ricardovicentelopez.com.ar\/?p=532"},"modified":"2015-03-21T14:05:04","modified_gmt":"2015-03-21T14:05:04","slug":"miremos-hacia-adentro-ii","status":"publish","type":"post","link":"https:\/\/ricardovicentelopez.com.ar\/?p=532","title":{"rendered":"Miremos hacia adentro II"},"content":{"rendered":"<p>La desidia de una parte importante de los hombres y mujeres de nuestro pa\u00eds respecto de temas que deber\u00edan ser importantes para todos (pero que hoy parecen no convocar) dejan un ancho espacio vac\u00edo que tiende a ser ocupado por actores que en otros tiempos se manten\u00edan dentro de sus esferas espec\u00edficas. La ausencia de una clase dirigente con vocaci\u00f3n de trabajo al servicio de la Naci\u00f3n es parte de los huecos que se perciben en la escena p\u00fablica. Tampoco aparecen aquellos intelectuales que alzaban su voz se\u00f1alando caminos y que confrontaban en un di\u00e1logo respetuoso respecto de los grandes temas. Los dirigentes sociales, empresarios, deportivos (como ya dije antes), est\u00e1n tan sumidos en la b\u00fasqueda del \u00e9xito inmediato que quedan ciegos para levantar la vista hacia un horizonte del mediano y largo plazo que posibilite trazar algunas l\u00edneas directrices hacia un futuro colectivo m\u00e1s promisorio.<br \/>Lo que resulta mucho m\u00e1s extra\u00f1o es que no pocos de esos dirigentes presionan tras objetivos que de lograrse pueden ser negativos para sus empresas. Las huellas del neoliberalismo, convertido en ideolog\u00eda imperante en sectores de la econom\u00eda concentrada, los ciega para ver y comprender hasta d\u00f3nde se llegar\u00eda de poner en pr\u00e1ctica las medidas que ellos mismos proponen. La queja continua acerca de lo mal que van las cosas no se compadece con los balances de sus empresas. Esto es comentado por un economista como Javier Gonz\u00e1lez Fraga, que no puede ser sospechado de oficialista, cuando se\u00f1ala la disparidad de los resultados de los negocios de sectores de la econom\u00eda y lo que dicen acerca de c\u00f3mo est\u00e1 la econom\u00eda del pa\u00eds.<br \/>Dentro de este panorama me qued\u00e9 realmente sorprendido por las palabras que le escuch\u00e9 decir a un directivo de la Uni\u00f3n Industrial Argentina, Jos\u00e9 Ignacio de Mendiguren. M\u00e1s all\u00e1 de quien es o quien ha sido, y dejando de lado la convicci\u00f3n que pueda tener en sus declaraciones debo rescatar una especie de par\u00e1bola que cont\u00f3 en una entrevista radial. \u00abEstaba yo reunido con un se\u00f1or industrial de primera l\u00ednea que me estaba planteando la necesidad de tomar algunas medidas imprescindibles para poder seguir invirtiendo en la Argentina. Era tal el desprop\u00f3sito de lo que solicitaba, que atentaba contra sus propios intereses, que en un momento le dije: \u201cMire es paloma que est\u00e1 parada en la ventana del despacho. Si se le parara un gorri\u00f3n al lado se quedar\u00eda muy tranquila, pero si se le acercara un gato saldr\u00eda volando de inmediato. \u00bfSabe por qu\u00e9? Porque en su organismo tiene inscripto un c\u00f3digo que le advierte cuando su vida est\u00e1 en peligro, es parte de su genoma. Uds., como muchos otros empresarios, no tienen ni el instinto ni el olfato para detectar qui\u00e9nes son sus depredadores y qui\u00e9nes son sus posibles aliados\u201d. As\u00ed los intereses de ellos corren un grave peligro por falta de la reacci\u00f3n necesaria, ponen la cabeza y se arriesgan a que se las corten\u00bb.<br \/>Insisto, no puedo decir que quien era entrevistado hablara con honestidad, pero lo que intento rescatar es la ceguera, la mediocridad, las limitaciones de esos empresarios que producen y venden dentro del mercado interno, raz\u00f3n por la cual sus intereses corren paralelos a los de muchos habitantes de este pa\u00eds. Si le va bien a la Argentina ellos se benefician, si le va mal tambi\u00e9n ellos pierden, sin embargo no est\u00e1n en condiciones de distinguir una cosa de la otra. La posibilidad de una ganancia inmediata es m\u00e1s importante que el crecimiento de la empresa.<br \/>El economista Guillermo Wierzba, profesor de la UBA, analizando el documento que ha presentado hace poco la Asociaci\u00f3n de Empresarios Argentinos (AEA), sostiene que es tal el peso de la ideolog\u00eda neoliberal que parecen hablar desde el fondo del siglo XIX: \u00abEl documento se inspira en un concepto de la propiedad privada de tipo decimon\u00f3nico, recuperado por la oleada intelectual neoliberal de fines del siglo pasado, que excluye las limitaciones impuestas a la misma a partir del desarrollo del pensamiento democr\u00e1tico. El orden jur\u00eddico internacional ha incorporado, por ejemplo, a los derechos humanos como parte inalienable del orden democr\u00e1tico moderno, integrando a ellos a los derechos econ\u00f3micos y sociales. A su vez, el derecho de propiedad empresaria resulta de una sustancia diferente a la de la propiedad personal y su extensi\u00f3n no puede ser ilimitada, ni precede a la organizaci\u00f3n institucional, sino que debe encuadrarse en la misma\u00bb.<br \/>Para traducirlo a un lenguaje m\u00e1s llano: si la libertad con que se utiliza la propiedad de las empresas no admite ning\u00fan tipo de limitaci\u00f3n, \u00bfqu\u00e9 hacemos, por ejemplo, con la contaminaci\u00f3n ambiental? \u00bfqu\u00e9 hacemos con el uso abusivo de los suelos que pueden desertificar las mejores tierras nuestras? \u00c9ste es el problema y es dif\u00edcil entender su necedad.<\/p>\n","protected":false},"excerpt":{"rendered":"<p>La desidia de una parte importante de los hombres y mujeres de nuestro pa\u00eds respecto de temas que deber\u00edan ser importantes para todos (pero que hoy parecen no convocar) dejan un ancho espacio vac\u00edo que tiende a ser ocupado por actores que en otros tiempos se manten\u00edan dentro de sus esferas espec\u00edficas. La ausencia de [&hellip;]<\/p>\n","protected":false},"author":1,"featured_media":0,"comment_status":"open","ping_status":"open","sticky":false,"template":"","format":"standard","meta":{"footnotes":""},"categories":[1],"tags":[],"class_list":["post-532","post","type-post","status-publish","format-standard","hentry","category-sin-categoria"],"_links":{"self":[{"href":"https:\/\/ricardovicentelopez.com.ar\/index.php?rest_route=\/wp\/v2\/posts\/532","targetHints":{"allow":["GET"]}}],"collection":[{"href":"https:\/\/ricardovicentelopez.com.ar\/index.php?rest_route=\/wp\/v2\/posts"}],"about":[{"href":"https:\/\/ricardovicentelopez.com.ar\/index.php?rest_route=\/wp\/v2\/types\/post"}],"author":[{"embeddable":true,"href":"https:\/\/ricardovicentelopez.com.ar\/index.php?rest_route=\/wp\/v2\/users\/1"}],"replies":[{"embeddable":true,"href":"https:\/\/ricardovicentelopez.com.ar\/index.php?rest_route=%2Fwp%2Fv2%2Fcomments&post=532"}],"version-history":[{"count":0,"href":"https:\/\/ricardovicentelopez.com.ar\/index.php?rest_route=\/wp\/v2\/posts\/532\/revisions"}],"wp:attachment":[{"href":"https:\/\/ricardovicentelopez.com.ar\/index.php?rest_route=%2Fwp%2Fv2%2Fmedia&parent=532"}],"wp:term":[{"taxonomy":"category","embeddable":true,"href":"https:\/\/ricardovicentelopez.com.ar\/index.php?rest_route=%2Fwp%2Fv2%2Fcategories&post=532"},{"taxonomy":"post_tag","embeddable":true,"href":"https:\/\/ricardovicentelopez.com.ar\/index.php?rest_route=%2Fwp%2Fv2%2Ftags&post=532"}],"curies":[{"name":"wp","href":"https:\/\/api.w.org\/{rel}","templated":true}]}}