{"id":530,"date":"2009-12-30T12:17:00","date_gmt":"2009-12-30T12:17:00","guid":{"rendered":"http:\/\/ricardovicentelopez.com.ar\/?p=530"},"modified":"2015-03-21T14:05:03","modified_gmt":"2015-03-21T14:05:03","slug":"miremos-hacia-adentro-iii","status":"publish","type":"post","link":"https:\/\/ricardovicentelopez.com.ar\/?p=530","title":{"rendered":"Miremos hacia adentro III"},"content":{"rendered":"<p>Viene a mi memoria una vieja consigna que aparec\u00eda pintada en muchas paredes de nuestro pa\u00eds: \u201cYankees go home\u201d y se me ocurre que deber\u00edamos salir a pintar hoy: \u201cYankees wellcome\u201d para estar a tono con las conductas de una parte de nuestros dirigentes pol\u00edticos y empresariales (aunque de estos \u00faltimos pareciera no poder esperarse otra cosa). Estas conductas son publicitadas y aplaudidas por los medios m\u00e1s importantes (los concentrados, claro). Parto de la premisa de que hoy una gran parte de aquello que se llama la opini\u00f3n p\u00fablica est\u00e1 confundida, tiene serios problemas para discernir y tomar posici\u00f3n ante situaciones de car\u00e1cter pol\u00edtico en las que est\u00e1 en juego nuestra dignidad nacional (si no se asusten, digo lo que digo aunque suene pasado de moda). Tambi\u00e9n podr\u00eda llevar como t\u00edtulo esta nota: \u201cDe Braden a Valenzuela\u201d para enmarcar una serie de personajes que hemos tenido de visita con un discurso bastante homog\u00e9neo.<br \/>Para apoyarme fundamentadamente en mis apreciaciones recurro a quien exhibe t\u00edtulos suficientes como para que sus afirmaciones merezcan, por lo menos respeto acad\u00e9mico. Me refiero al Dr. Mario Rapoport, economista, doctorado en Historia en la Universidad de Par\u00eds I-Sorbona. Actualmente dirige el Instituto de Estudios Hist\u00f3ricos, Econ\u00f3micos, Sociales e Internacionales (IDEHESI) del Conicet-UBA; es investigador superior del Conicet y profesor titular de universidades argentinas y del exterior.<br \/>La visita de un funcionario de tercera l\u00ednea, como el subsecretario de Estado adjunto para Am\u00e9rica Latina de los EE.UU., Lic. Arturo Valenzuela, polit\u00f3logo y acad\u00e9mico chileno norteamericano, que ha demostrado una gran capacidad para cambiar de opini\u00f3n, obliga a salir al ruedo. Este se\u00f1or podr\u00eda entrar en la categor\u00eda de personas de las que se burlaba Groucho Marx cuando dec\u00eda: \u201cestos son mis principios, si no le gustan tengo otros\u201d. Y, como dije, decido dejar la palabra a quien tiene m\u00e9ritos para hablar sobre la situaci\u00f3n. Nos informa el profesor de la UBA: \u00abRetrocediendo raudamente en el pasado, como al visionar al rev\u00e9s alguna pel\u00edcula del cine mudo, la visita del enviado del presidente Obama y encargado de asuntos latinoamericanos de Estados Unidos al sur del continente, Arturo Valenzuela, dej\u00f3 una sensaci\u00f3n de d\u00e9j\u00e0 vu en la pol\u00edtica de Washington sobre nuestro pa\u00eds (desde Cordell Hull y Braden, de recordada actuaci\u00f3n en \u00e9pocas de \u201crelaciones tumultuosas\u201d, hasta Terence Todman, denominado el \u201cvirrey\u201d, en los m\u00e1s apacibles tiempos de las \u201crelaciones carnales\u201d). Sus dichos y acciones levantaron una ola de suspicacias sobre la forma de entender los v\u00ednculos mutuos. Valenzuela no fue recibido por los presidentes en Argentina y Brasil, donde se reuni\u00f3 con funcionarios subalternos, pero en Buenos Aires (no en la naci\u00f3n vecina) tuvo tambi\u00e9n entrevistas con pol\u00edticos opositores que respaldaron sus conceptos\u00bb. Ac\u00e1 aparece el \u201cwellcome\u201d que le han concedido ciertos personajes de nuestro escenario p\u00fablico.<br \/>Este se\u00f1or visitante, sin el manejo del lenguaje diplom\u00e1tico (se supone que eso es \u00e9l) repite lo que ha o\u00eddo en sus encuentros con \u201cla oposici\u00f3n\u201d. Se siente obligado a hablar, como dir\u00eda mi abuela: \u201cpor boca de ganso\u201d, y se\u00f1alar con tono de preocupaci\u00f3n que la Argentina muestra una elevada sensaci\u00f3n de \u201cinseguridad jur\u00eddica\u201d. Uno se pregunta junto a nuestro profesor, sabiendo de donde viene y a quien responde el visitante: \u00ab\u00bfQu\u00e9 tipo de seguridad jur\u00eddica tuvieron los depositantes o inversores que han visto a cientos de bancos donde ten\u00edan colocados sus ahorros derrumbarse de la noche a la ma\u00f1ana? En el 2009 quebraron poco m\u00e1s de 130 bancos de los 8500 existentes y aunque el gobierno de Washington rescat\u00f3 varias entidades financieras, una gran cantidad, sobre todo medianas y peque\u00f1as, se fueron a pique sin su ayuda. En cuanto a los dep\u00f3sitos, la FDIC (Federal Deposit Insurance Corporation) s\u00f3lo cubre hasta un cierto l\u00edmite los de aquellos bancos asegurados en ella, no la de todos los bancos ni toda clase de acreencias\u00bb.<br \/>Es notable las diferentes varas con que mide este concepto nuestro visitante: \u00ab\u00bfQu\u00e9 seguridad jur\u00eddica existi\u00f3 para los miles de propietarios de inmuebles que se encontraron sin poder seguir pagando sus hipotecas y fueron desalojados de sus hogares? \u00bfCu\u00e1l fue la seguridad jur\u00eddica de los futuros jubilados cuyos fondos de pensi\u00f3n cayeron en el pozo interminable creado por las p\u00e9rdidas de valor de los activos financieros a los que estaban ligados y se quedaron sin ingresos futuros despu\u00e9s de a\u00f1os de aportes y de trabajo? \u00bfDe qu\u00e9 seguridad jur\u00eddica se habla para los que perdieron sus empleos en numerosas empresas que achicaron masivamente su personal o cerraron directamente sus puertas? En fin, \u00bfc\u00f3mo se aprecia la seguridad jur\u00eddica de grandes industrias que se encontraron financieramente arruinadas hasta llegar a ser nacionalizadas, como General Motors, en un pa\u00eds que pregona que \u00e9se es el principal peligro para sus compa\u00f1\u00edas fuera de sus fronteras? Puede decirse que muchos de estos casos tienen que ver con la mec\u00e1nica misma de la crisis, pero es imposible no mencionarlos por la ret\u00f3rica existente\u00bb.<br \/>Debemos preguntarles a los que fueron a visitarlo \u00bfno saben nada de todo esto? \u00bfde d\u00f3nde saca la autoridad moral para hablar (justo \u00e9l) de este tema? Otro tanto deber\u00edamos hacer con nuestros grandes y \u201cserios\u201d medios.<\/p>\n","protected":false},"excerpt":{"rendered":"<p>Viene a mi memoria una vieja consigna que aparec\u00eda pintada en muchas paredes de nuestro pa\u00eds: \u201cYankees go home\u201d y se me ocurre que deber\u00edamos salir a pintar hoy: \u201cYankees wellcome\u201d para estar a tono con las conductas de una parte de nuestros dirigentes pol\u00edticos y empresariales (aunque de estos \u00faltimos pareciera no poder esperarse [&hellip;]<\/p>\n","protected":false},"author":1,"featured_media":0,"comment_status":"open","ping_status":"open","sticky":false,"template":"","format":"standard","meta":{"footnotes":""},"categories":[1],"tags":[],"class_list":["post-530","post","type-post","status-publish","format-standard","hentry","category-sin-categoria"],"_links":{"self":[{"href":"https:\/\/ricardovicentelopez.com.ar\/index.php?rest_route=\/wp\/v2\/posts\/530","targetHints":{"allow":["GET"]}}],"collection":[{"href":"https:\/\/ricardovicentelopez.com.ar\/index.php?rest_route=\/wp\/v2\/posts"}],"about":[{"href":"https:\/\/ricardovicentelopez.com.ar\/index.php?rest_route=\/wp\/v2\/types\/post"}],"author":[{"embeddable":true,"href":"https:\/\/ricardovicentelopez.com.ar\/index.php?rest_route=\/wp\/v2\/users\/1"}],"replies":[{"embeddable":true,"href":"https:\/\/ricardovicentelopez.com.ar\/index.php?rest_route=%2Fwp%2Fv2%2Fcomments&post=530"}],"version-history":[{"count":0,"href":"https:\/\/ricardovicentelopez.com.ar\/index.php?rest_route=\/wp\/v2\/posts\/530\/revisions"}],"wp:attachment":[{"href":"https:\/\/ricardovicentelopez.com.ar\/index.php?rest_route=%2Fwp%2Fv2%2Fmedia&parent=530"}],"wp:term":[{"taxonomy":"category","embeddable":true,"href":"https:\/\/ricardovicentelopez.com.ar\/index.php?rest_route=%2Fwp%2Fv2%2Fcategories&post=530"},{"taxonomy":"post_tag","embeddable":true,"href":"https:\/\/ricardovicentelopez.com.ar\/index.php?rest_route=%2Fwp%2Fv2%2Ftags&post=530"}],"curies":[{"name":"wp","href":"https:\/\/api.w.org\/{rel}","templated":true}]}}