{"id":528,"date":"2010-01-05T20:31:00","date_gmt":"2010-01-05T20:31:00","guid":{"rendered":"http:\/\/ricardovicentelopez.com.ar\/?p=528"},"modified":"2015-03-21T14:05:03","modified_gmt":"2015-03-21T14:05:03","slug":"miremos-hacia-adentro-v","status":"publish","type":"post","link":"https:\/\/ricardovicentelopez.com.ar\/?p=528","title":{"rendered":"Miremos hacia adentro V"},"content":{"rendered":"<p>Eugene Luther Gore Vidal, m\u00e1s conocido como Gore Vidal, es un escritor estadounidense de 83 a\u00f1os que se ha convertido, a trav\u00e9s de d\u00e9cadas en un agudo cr\u00edtico de la vida norteamericana. Con una vasta producci\u00f3n literaria, de excelente calidad, en la que relata partes de la historia de su pa\u00eds, nos muestra una cara muy diferente del juego pol\u00edtico y cultural que nos permite pensar mejor sobre el capitalismo salvaje desde una mirada novedosa. Portador de una cultura human\u00edstica sorprendente, cuando la comparamos con muchos de los personajes m\u00e1s conocidos y respetados, hace gala de una sabidur\u00eda en sus juicios que valen la pena leer para pensarnos a nosotros.<br \/>En una entrevista publicada en el diario \u00abThe Independent\u00bb sostiene que \u00abel experimento de su pa\u00eds ha sido un fracaso y que pronto EEUU quedar\u00e1 relegado a alg\u00fan lugar entre Brasil y Argentina, al puesto que le corresponde\u00bb. No debemos ignorar el sesgo ir\u00f3nico que siempre utiliza en sus manifestaciones, lo que no debe impedir reflexionar sobre sus afirmaciones. Lo que propongo en esta nota es leerlo pensando desde nuestro pa\u00eds para comprender con mayor profundidad nuestra problem\u00e1tica. Vidal confiesa que cuando Obama fue elegido presidente \u00abestaba ilusionado como todo el mundo, pero desde entonces he llegado a la convicci\u00f3n de que el primer presidente intelectual que hemos tenido en muchos a\u00f1os no est\u00e1 a la altura de la tarea. Es incompetente y le derrotar\u00e1n en la re-elecci\u00f3n\u00bb con este vaticinio el escritor, tan provocador como siempre, no oculta su enojo por el estado en que se encuentra su pa\u00eds.<br \/> En otras notas he hecho referencia a la muy baja calidad de nuestros dirigentes, Vidal dice \u00abObama quiere gustar a todo el mundo, y cre\u00eda que para ello le bastaba hablar razonablemente. Pero el Partido Republicano no es un partido pol\u00edtico. Es una mentalidad, como las juventudes hitlerianas. Rebosa de odio&#8230; no hay forma de convencerlos para sumar esfuerzos. No merece la pena siquiera intentarlo. La \u00fanica forma de tratar con ellos es aterrorizarlos, pero [Obama] es demasiado delicado para ello. \u00c9l es el doble de intelectual de lo que era el presidente John Kennedy [Vidal era amigo suyo] pero Jack conoc\u00eda el ancho mundo\u00bb.<br \/>Aparecen ac\u00e1 dos referencias muy interesantes para nosotros: una, la alabanza a la formaci\u00f3n intelectual de Obama como una excepci\u00f3n dentro del mundo de la pol\u00edtica, lo cual pinta claramente en manos de quienes est\u00e1 la pol\u00edtica de all\u00e1 y de ac\u00e1. Lo segundo, y esto nos debe hacer pensar detenidamente, el odio de la oposici\u00f3n como metodolog\u00eda pol\u00edtica. Y frente al odio no conozco argumentos capaces de hacer cambiar una opini\u00f3n sostenida desde ese talante. El m\u00e9todo que sugiere, el terror, no puede ser utilizado cuando se posee un nivel intelectual sobresaliente. Esto coloca frente a frente dos posiciones casi irreductibles: la inteligencia frente a la necedad. Estoy tentado de escribir \u00abCualquier parecido con la vida pol\u00edtica nuestra es mera coincidencia\u00bb. <br \/>Todo ello lo lleva a Vidal a hacer pron\u00f3sticos pesimistas sobre el destino de su pa\u00eds, lo cual nos debe hacer notar sus consecuencias: \u00abAfganist\u00e1n ser\u00e1 lo que termine con el imperio  estadounidense\u00bb, y esto debe ser le\u00eddo dentro de lo que ya qued\u00f3 dicho respecto de los republicanos y los negocios armament\u00edsticos. No es el \u00fanico de los analistas en afirmarlo. I. Wallerstein, importante historiados norteamericano, dice en esa misma l\u00ednea: \u00ab\u00bfPor qu\u00e9 es tan dif\u00edcil para Estados Unidos zafarse de intervenciones militares que tan patentemente est\u00e1 perdiendo? Algunos analistas de izquierda, en ese pa\u00eds y en otras partes, dicen que ocurre porque es una potencia imperialista y por tanto se involucra en intervenciones militares con el fin de mantener su poder econ\u00f3mico y pol\u00edtico en el mundo\u00bb.<br \/>Pero Vidal le agrega lo que Benjamin Franklin (1706-1790) dec\u00eda: \u00ab\u00c9l previ\u00f3 todo esto. Le cito porque la mayor\u00eda de los norteamericanos ni siquiera saben ya qui\u00e9n era. Cuando se elaboraba la Constituci\u00f3n en Filadelfia en 1781, Franklin se limit\u00f3 al papel de observador. No quiso participar en ella\u00bb, y lo explic\u00f3 as\u00ed: \u00abVan ustedes a tener una rep\u00fablica si es que logran mantenerla. Todas las constituciones como \u00e9sta han fracasado desde el comienzo de los tiempos por culpa de la corrupci\u00f3n de las personas\u00bb. Seg\u00fan Vidal \u00abEstados Unidos es un pa\u00eds que est\u00e1 amenazado s\u00f3lo porque amenaza a otros. En geopol\u00edtica, como en la f\u00edsica, no hay acci\u00f3n sin reacci\u00f3n, los ataques terroristas del 11 de septiembre contra EEUU eran previsibles\u00bb. <br \/>Ac\u00e1 nos deja otra idea negativa pero que no debe ser desechada. La democracia tiene su escollo m\u00e1s grave en la corrupci\u00f3n. Este es el peor mal que se ha diseminado junto con la globalizaci\u00f3n, \u00e9sta no la invent\u00f3 pero la promocion\u00f3 como m\u00e9todo pol\u00edtico. \u00c9ste es nuestro mayor desaf\u00edo, empezando por casa.<\/p>\n","protected":false},"excerpt":{"rendered":"<p>Eugene Luther Gore Vidal, m\u00e1s conocido como Gore Vidal, es un escritor estadounidense de 83 a\u00f1os que se ha convertido, a trav\u00e9s de d\u00e9cadas en un agudo cr\u00edtico de la vida norteamericana. Con una vasta producci\u00f3n literaria, de excelente calidad, en la que relata partes de la historia de su pa\u00eds, nos muestra una cara [&hellip;]<\/p>\n","protected":false},"author":1,"featured_media":0,"comment_status":"open","ping_status":"open","sticky":false,"template":"","format":"standard","meta":{"footnotes":""},"categories":[1],"tags":[],"class_list":["post-528","post","type-post","status-publish","format-standard","hentry","category-sin-categoria"],"_links":{"self":[{"href":"https:\/\/ricardovicentelopez.com.ar\/index.php?rest_route=\/wp\/v2\/posts\/528","targetHints":{"allow":["GET"]}}],"collection":[{"href":"https:\/\/ricardovicentelopez.com.ar\/index.php?rest_route=\/wp\/v2\/posts"}],"about":[{"href":"https:\/\/ricardovicentelopez.com.ar\/index.php?rest_route=\/wp\/v2\/types\/post"}],"author":[{"embeddable":true,"href":"https:\/\/ricardovicentelopez.com.ar\/index.php?rest_route=\/wp\/v2\/users\/1"}],"replies":[{"embeddable":true,"href":"https:\/\/ricardovicentelopez.com.ar\/index.php?rest_route=%2Fwp%2Fv2%2Fcomments&post=528"}],"version-history":[{"count":0,"href":"https:\/\/ricardovicentelopez.com.ar\/index.php?rest_route=\/wp\/v2\/posts\/528\/revisions"}],"wp:attachment":[{"href":"https:\/\/ricardovicentelopez.com.ar\/index.php?rest_route=%2Fwp%2Fv2%2Fmedia&parent=528"}],"wp:term":[{"taxonomy":"category","embeddable":true,"href":"https:\/\/ricardovicentelopez.com.ar\/index.php?rest_route=%2Fwp%2Fv2%2Fcategories&post=528"},{"taxonomy":"post_tag","embeddable":true,"href":"https:\/\/ricardovicentelopez.com.ar\/index.php?rest_route=%2Fwp%2Fv2%2Ftags&post=528"}],"curies":[{"name":"wp","href":"https:\/\/api.w.org\/{rel}","templated":true}]}}