{"id":526,"date":"2010-01-13T11:13:00","date_gmt":"2010-01-13T11:13:00","guid":{"rendered":"http:\/\/ricardovicentelopez.com.ar\/?p=526"},"modified":"2015-03-21T14:05:03","modified_gmt":"2015-03-21T14:05:03","slug":"miremos-hacia-adentro-vii-la-dimension-personal","status":"publish","type":"post","link":"https:\/\/ricardovicentelopez.com.ar\/?p=526","title":{"rendered":"Miremos hacia adentro VII \u2013 La dimensi\u00f3n personal"},"content":{"rendered":"<p>Esta serie de notas intentan lo que sus t\u00edtulos dicen: mirarnos entre nosotros a los ojos y hacer un examen sincero y profundo respecto de lo que somos y lo que pretendemos ser. Tantas veces hemos o\u00eddo decir que se han perdido los valores, de esto qued\u00f3 ya dicho algo, pero cada quien dice u oye esto en la convicci\u00f3n de que el problema radica en la conducta de los otros. Entonces deber\u00edamos plantearnos una categorizaci\u00f3n y una clasificaci\u00f3n de temas que nos permitan ordenar nuestros pensamientos: a) una dimensi\u00f3n del problema debe ser colocada en la globalizaci\u00f3n de un capitalismo salvaje que no tiene otro objeto que el lucro, no importa como, podr\u00edamos denominar a esto la dimensi\u00f3n global; b) otra que debe incorporar todos los males y conductas fuera de norma que se repiten, con una constancia digna de mejor causa, en nuestras vidas cotidianas, lo llamar\u00edamos la dimensi\u00f3n nacional, tambi\u00e9n ya se dijo algo antes; c) y una tercera que exige una revisi\u00f3n de conciencia de nuestros modos de pensar, sentir, valorar, actuar, en la cual el objeto de nuestra investigaci\u00f3n somos cada uno de nosotros y el investigador ser\u00eda el mismo, la llamar\u00edamos la dimensi\u00f3n personal.<br \/>A lo largo de estas notas, que han entrado en el tercer a\u00f1o de publicaciones, estos temas han sido tratados en varias oportunidades por la importancia que, en mi opini\u00f3n, tienen para pensar una Naci\u00f3n, una Patria, una Comunidad de personas, m\u00e1s humana. Y debo decir que lo que me empuj\u00f3 a la creaci\u00f3n de un blog, despu\u00e9s de vencer muchas resistencias m\u00edas, es poder trascender con mis palabras, mis ideas, mis an\u00e1lisis, mis propuestas, el espacio que ofrece el aula universitaria. Sobre todo al tomar conciencia clara, desde mis inicios docentes, que la formaci\u00f3n de buenos universitarios es una tarea fundamental para la tarea de construir una sociedad distinta, m\u00e1s justa, m\u00e1s distributiva. Pero tambi\u00e9n el saber que el p\u00fablico universitario es un p\u00fablico  restringido respeto del total de la poblaci\u00f3n, puesto que son muchos m\u00e1s los que no ingresan, porque no pueden o no quieren, y que una instituci\u00f3n p\u00fablica, pagada por los dineros de todos, no puede desentenderse de ese problema.<br \/>De all\u00ed que en este intento de sistematizaci\u00f3n de nuestros pensamientos, d\u00e1ndole a cada dimensi\u00f3n el valor y el lugar que cada persona pensante quiera darles, me coloco en el lugar de un interlocutor m\u00e1s que quiere ofrecer lo suyo. Si esto ayuda a clarificar los pensamientos de quienes me leen he logrado, en parte, algo de lo que me propuse al comenzar esta tarea period\u00edstica. El espacio de la comunicaci\u00f3n p\u00fablica, hoy bastante bastardeado por los intereses mercantiles que han desplazado a la vocaci\u00f3n de servicio de tantos, debe ser ocupado tambi\u00e9n por toda persona de bien (qu\u00e9 expresi\u00f3n vetusta y gastada) que tenga algo para aportar a este gran di\u00e1logo intern\u00e9tico que posibilita este instrumento alternativo de comunicaci\u00f3n. El tantas veces mencionado ciudadano de a pie, que somos la inmensa mayor\u00eda en cada uno de los pa\u00edses del planeta, debe sentirse convocado a la participaci\u00f3n, que ser\u00e1 siempre bienvenida por humilde que sea, pero que agrega una voz m\u00e1s a la pluralidad de ideas que debe conformar una sociedad moderna. Se ha dicho tantas veces la voz de los que no tienen voz y ese espacio ha sido invadido por los comunicadores que se han apropiado de una representaci\u00f3n usurpada, que s\u00f3lo el poder de las multinacionales les otorga, siempre y cuando respeten las reglas del negocio. Pareciera que pueden hacer todo menos decir la verdad.<br \/>En esta posibilidad de participaci\u00f3n, en lo que se pone en juego con ella, comenzamos a revisar nuestra dimensi\u00f3n personal, puesto que asumir el compromiso de pensar teniendo en cuenta a los dem\u00e1s modifica nuestra conciencia y nos va obligando a caminar junto a otros, iguales pero diferentes a nosotros. En esa tarea aprendemos a reconocer que ellos tienen derecho a la dignidad de ser personas con una identidad propia y que  con su cercan\u00eda y trato nos enriquecemos todos. Al mismo tiempo, podemos aprender que todos tenemos algo que aportar y que la construcci\u00f3n de una comunidad de personas dignas no puede dejar afuera a nadie.<\/p>\n","protected":false},"excerpt":{"rendered":"<p>Esta serie de notas intentan lo que sus t\u00edtulos dicen: mirarnos entre nosotros a los ojos y hacer un examen sincero y profundo respecto de lo que somos y lo que pretendemos ser. Tantas veces hemos o\u00eddo decir que se han perdido los valores, de esto qued\u00f3 ya dicho algo, pero cada quien dice u [&hellip;]<\/p>\n","protected":false},"author":1,"featured_media":0,"comment_status":"open","ping_status":"open","sticky":false,"template":"","format":"standard","meta":{"footnotes":""},"categories":[1],"tags":[],"class_list":["post-526","post","type-post","status-publish","format-standard","hentry","category-sin-categoria"],"_links":{"self":[{"href":"https:\/\/ricardovicentelopez.com.ar\/index.php?rest_route=\/wp\/v2\/posts\/526","targetHints":{"allow":["GET"]}}],"collection":[{"href":"https:\/\/ricardovicentelopez.com.ar\/index.php?rest_route=\/wp\/v2\/posts"}],"about":[{"href":"https:\/\/ricardovicentelopez.com.ar\/index.php?rest_route=\/wp\/v2\/types\/post"}],"author":[{"embeddable":true,"href":"https:\/\/ricardovicentelopez.com.ar\/index.php?rest_route=\/wp\/v2\/users\/1"}],"replies":[{"embeddable":true,"href":"https:\/\/ricardovicentelopez.com.ar\/index.php?rest_route=%2Fwp%2Fv2%2Fcomments&post=526"}],"version-history":[{"count":0,"href":"https:\/\/ricardovicentelopez.com.ar\/index.php?rest_route=\/wp\/v2\/posts\/526\/revisions"}],"wp:attachment":[{"href":"https:\/\/ricardovicentelopez.com.ar\/index.php?rest_route=%2Fwp%2Fv2%2Fmedia&parent=526"}],"wp:term":[{"taxonomy":"category","embeddable":true,"href":"https:\/\/ricardovicentelopez.com.ar\/index.php?rest_route=%2Fwp%2Fv2%2Fcategories&post=526"},{"taxonomy":"post_tag","embeddable":true,"href":"https:\/\/ricardovicentelopez.com.ar\/index.php?rest_route=%2Fwp%2Fv2%2Ftags&post=526"}],"curies":[{"name":"wp","href":"https:\/\/api.w.org\/{rel}","templated":true}]}}