{"id":521,"date":"2010-01-29T12:20:00","date_gmt":"2010-01-29T12:20:00","guid":{"rendered":"http:\/\/ricardovicentelopez.com.ar\/?p=521"},"modified":"2015-03-21T14:05:03","modified_gmt":"2015-03-21T14:05:03","slug":"miremos-hacia-adentro-xii-la-dimension-nacional","status":"publish","type":"post","link":"https:\/\/ricardovicentelopez.com.ar\/?p=521","title":{"rendered":"Miremos hacia adentro XII \u2013 La dimensi\u00f3n nacional"},"content":{"rendered":"<p>De esta dimensi\u00f3n ya hemos hablado bastante a lo largo de estos a\u00f1os, s\u00edrvanos esta oportunidad para darle un tratamiento sistem\u00e1tico dentro de la propuesta de esta serie de notas (miremos hacia adentro). Lo dicho hasta ac\u00e1 pretendi\u00f3 dar cuenta de las dificultades que aportamos cada uno de nosotros, las m\u00e1s de las veces con total inocencia e inconciencia, que obran como frenos ante posibles soluciones. Para mirar esta otra dimensi\u00f3n con cierta perspectiva personal vuelvo a ofrecer palabras que escrib\u00ed algunos a\u00f1os atr\u00e1s, cuya relectura puede servir para ver el estado de la cuesti\u00f3n hoy: <br \/>\u00abNacimos como comunidad independiente con el proyecto de construir una Naci\u00f3n. Largas luchas fratricidas, incomprensiones de ambos bandos, peque\u00f1ez y miseria en el planteo pol\u00edtico, privilegiar los intereses de sectores por encima de los de toda la comunidad, nos fue llevando a los tumbos a lo largo del siglo XIX y continu\u00f3 con sus m\u00e1s y con sus menos en el XX. El siglo XXI ha tenido un comienzo abismal. El \u201cque se vayan todos\u201d fue un grito que nos alert\u00f3 de que algo grave estaba sucediendo. Pero el ir vislumbrando la posibilidad de salida de semejante crisis, cosa que no se hubiera cre\u00eddo como posible en medio de ella,  nos fue haciendo olvidar del pozo en el cual hab\u00edamos ca\u00eddo.<br \/>Si bien la \u00abhistoria oficial\u00bb nos ha contado todo esto desde la versi\u00f3n de un solo bando, ya que las luchas hab\u00edan cortado la Naci\u00f3n entre \u00abb\u00e1rbaros y civilizados\u00bb (divisi\u00f3n que con diferentes nombres se ha mantenido en gran parte), nuestra educaci\u00f3n fue sostenida por ese discurso, ha llegado la hora de ponernos a pensar desde la unidad posible de la comunidad pol\u00edtica, aunque esta unidad est\u00e9 siempre transida por tensiones y contradicciones pol\u00edticas, la intenci\u00f3n estar\u00e1 puesta en ir resolvi\u00e9ndolas. La Historia es, precisamente, el proceso por el cual se van resolviendo esas contradicciones. Recorriendo nuestra historia podemos advertir que las soluciones buscadas, y a veces encontradas, muchas veces se pensaron y se ejecutaron desde el manejo del poder de uno de los bandos, y las m\u00e1s de las veces ese bando fue el de los pocos y poderosos\u00bb.<br \/>Sin la menor pretensi\u00f3n de posar de profeta, casi una d\u00e9cada despu\u00e9s, cuando vuelvo a leer lo escrito, me surgen preguntas respecto de en qu\u00e9 medida hemos mejorado, cu\u00e1nto hemos aprendido de todo ello como comunidad nacional, qu\u00e9 nos proponemos hacer para que aquellas historias no se repitan. A pesar de ello, sin que haya encontrado  respuestas s\u00f3lidas a tales preguntas, sigo leyendo lo que ya dec\u00eda entonces:<br \/>\u00abEstamos en el comienzo de la salida del abismo y no nos queda mucho margen para seguir avanzando desconociendo a \u00ablos otros\u00bb. Nos ha tocado la suerte heroica de ser los protagonistas de una etapa hist\u00f3rica crucial, aunque esto s\u00f3lo la perspectiva hist\u00f3rica lo mostrar\u00e1 con toda claridad. Esto que nos pas\u00f3 puede verse como una desgracia colectiva o como una oportunidad imperdible. Nos encontramos en uno de esos recodos de la historia en los que se pueden definir las l\u00edneas generales del resto del siglo. Y porque se puede se debe. Cuando leemos la historia y, a veces, nos exaltamos con las grandes epopeyas, con las decisiones cruciales, con las definiciones certeras, que dieron un marco propicio a las realizaciones posteriores, nos parece que fue obra de titanes, de seres irrepetibles. Sin embargo, mirados desde la cotidianeidad, eran seres humanos como nosotros, con un compromiso y una decisi\u00f3n de participar que debi\u00e9ramos recuperar y encarnar en esta hora. En la Historia, sin duda, ha habido hombres excepcionales pero fueron pocos. Las m\u00e1s de las veces fue el fruto de un largo trabajo colectivo que eclosion\u00f3 en un momento produciendo resultados largamente preparados\u00bb.<br \/>El haber vivido como comunidad argentina la gestaci\u00f3n de un proyecto nacido de la confluencia de las m\u00e1s variadas voces, que culmin\u00f3 en una ley sobre los medios, deber\u00eda servirnos para reflexionar. Una tal tarea pasa a nuestro lado sin que muchos hayan dimensionado la importancia de lo conseguido. Esto, que ha sorprendido a funcionarios internacionales por la convocatoria democr\u00e1tica y la participaci\u00f3n colectiva, parece que no alcanza para preguntarnos por qu\u00e9 no sacamos de esa experiencia un modelo de participaci\u00f3n ciudadana para las grandes decisiones, para que no queden sometidas al juego mezquino de los intereses de los profesionales de los partidos pol\u00edticos. Creo que estamos en uno de esos momentos en los que la comunidad toda debe plantearse los problemas que enfrentamos, debatirlos en sus comunidades m\u00e1s inmediatas, comenzar a construir conducciones y dirigentes que se conviertan en los portavoces de los mandatos conferidos. Equivale a decir, comenzar un proceso educativo de abajo hacia arriba que privilegie la construcci\u00f3n de pensamientos comunes, que elabore un programa b\u00e1sico com\u00fan que no deba ni pueda ser utilizado en las mezquinas contiendas electorales, y que sea de adopci\u00f3n obligatoria para todo aquel que se postule a lo que fuere. Todo ello sin ignorar la complejidad y la heterogeneidad pol\u00edtica y cultural, aprendiendo a escucharnos atentamente, sabiendo resignar parte de lo que el inter\u00e9s particular nos se\u00f1ala en pos del logro del inter\u00e9s comunitario.<\/p>\n","protected":false},"excerpt":{"rendered":"<p>De esta dimensi\u00f3n ya hemos hablado bastante a lo largo de estos a\u00f1os, s\u00edrvanos esta oportunidad para darle un tratamiento sistem\u00e1tico dentro de la propuesta de esta serie de notas (miremos hacia adentro). Lo dicho hasta ac\u00e1 pretendi\u00f3 dar cuenta de las dificultades que aportamos cada uno de nosotros, las m\u00e1s de las veces con [&hellip;]<\/p>\n","protected":false},"author":1,"featured_media":0,"comment_status":"open","ping_status":"open","sticky":false,"template":"","format":"standard","meta":{"footnotes":""},"categories":[1],"tags":[],"class_list":["post-521","post","type-post","status-publish","format-standard","hentry","category-sin-categoria"],"_links":{"self":[{"href":"https:\/\/ricardovicentelopez.com.ar\/index.php?rest_route=\/wp\/v2\/posts\/521","targetHints":{"allow":["GET"]}}],"collection":[{"href":"https:\/\/ricardovicentelopez.com.ar\/index.php?rest_route=\/wp\/v2\/posts"}],"about":[{"href":"https:\/\/ricardovicentelopez.com.ar\/index.php?rest_route=\/wp\/v2\/types\/post"}],"author":[{"embeddable":true,"href":"https:\/\/ricardovicentelopez.com.ar\/index.php?rest_route=\/wp\/v2\/users\/1"}],"replies":[{"embeddable":true,"href":"https:\/\/ricardovicentelopez.com.ar\/index.php?rest_route=%2Fwp%2Fv2%2Fcomments&post=521"}],"version-history":[{"count":0,"href":"https:\/\/ricardovicentelopez.com.ar\/index.php?rest_route=\/wp\/v2\/posts\/521\/revisions"}],"wp:attachment":[{"href":"https:\/\/ricardovicentelopez.com.ar\/index.php?rest_route=%2Fwp%2Fv2%2Fmedia&parent=521"}],"wp:term":[{"taxonomy":"category","embeddable":true,"href":"https:\/\/ricardovicentelopez.com.ar\/index.php?rest_route=%2Fwp%2Fv2%2Fcategories&post=521"},{"taxonomy":"post_tag","embeddable":true,"href":"https:\/\/ricardovicentelopez.com.ar\/index.php?rest_route=%2Fwp%2Fv2%2Ftags&post=521"}],"curies":[{"name":"wp","href":"https:\/\/api.w.org\/{rel}","templated":true}]}}