{"id":518,"date":"2010-02-10T13:43:00","date_gmt":"2010-02-10T13:43:00","guid":{"rendered":"http:\/\/ricardovicentelopez.com.ar\/?p=518"},"modified":"2015-03-21T14:05:03","modified_gmt":"2015-03-21T14:05:03","slug":"miremos-hacia-adentro-xv-la-dimension-nacional","status":"publish","type":"post","link":"https:\/\/ricardovicentelopez.com.ar\/?p=518","title":{"rendered":"Miremos hacia adentro XV \u2013 La dimensi\u00f3n nacional"},"content":{"rendered":"<p>No quisiera que se malinterpretaran mis palabras. Podr\u00edan haber dejado la impresi\u00f3n que todo aquel que defiende las ideas de la ortodoxia liberal es un mercenario a sueldo de los poderes internacionales. Que estos existen no debe quedar la menor duda, la historia est\u00e1 llena de ejemplos y entre nosotros no escasean. Son lo que son y no merece detenerse a hablar de ellos. Los que deben preocupar son aquellos que act\u00faan bajo la convicci\u00f3n de sus ideas. Esto puede sonar a nazismo, no, perm\u00edtanme explicar. Las convicciones fuertes son  los motores que mueven la historia. Pero, el problema se presenta cuando \u00e9stas est\u00e1n sostenidas por ideas err\u00f3neas que han sido presentadas de modo tal de ser f\u00e1cilmente digeribles por porciones importantes de gente. Para ello llevamos ya d\u00e9cadas de estudios especializados en manejo de la opini\u00f3n p\u00fablica, que ha derivado en la \u201cciencia\u201d del marketing y en la publicidad motivacional. Las universidades norteamericanas est\u00e1n repletas de especialistas en estas disciplinas y cuentan hoy con un aparato propagand\u00edstico descomunal a su servicio. Bruno Lima Rocha, polit\u00f3logo y docente universitario, lo plantea de este modo:<br \/>\u00abDurante la mayor parte de la d\u00e9cada de los \u201990 del siglo pasado, el llamado pensamiento \u00fanico neoliberal consigui\u00f3 hegemonizar las formas de raciocinio anal\u00edtico del gran p\u00fablico, a partir de algunas t\u00e9cnicas discursivas. Una de ellas fue la de ocultar las premisas en las que se basaba este razonamiento y \u201cnaturalizar\u201d su propia motivaci\u00f3n de base. Todo ello ha sido la garant\u00eda de un \u201celevado grado de certeza\u201d para estas f\u00f3rmulas de democracia competitiva de base econ\u00f3mica presentada como la analog\u00eda con un sistema de capitalismo competitivo, basada en una mentira. Esta base mentirosa es la presunci\u00f3n de una econom\u00eda de mercado que tiende al equilibrio, por la previsibilidad de la actuaci\u00f3n de los agentes participantes en el sistema de mercado. Para fundamentar esa doctrina en la forma de \u201cciencia\u201d, los fundadores y los seguidores doctrinarios del neoliberalismo se valieron de trabajos importantes en el \u00e1mbito acad\u00e9mico\u00bb. Uno de los pensadores fundadores ha sido el premio Nobel de Econom\u00eda (1976) Milton Friedman (1912-2006), padre del neoliberalismo.<br \/>El economista estadounidense Mancur Olson (1932-1998) gran amigo y admirador de Friedrich August Von Hayek (1899-1992), otro de los padres del neoliberalismo, hace un elogio del uso de la fuerza como reguladora de las relaciones sociales y se expresa con estas palabras textuales (lo subrayo porque puede costar trabajo creerlo): \u00abAunque los miembros de un gran grupo anhelen racionalmente una maximizaci\u00f3n de su bienestar personal, ellos no actuar\u00e1n para alcanzar sus objetivos comunes o grupales a menos que haya alguna coerci\u00f3n para forzarlos a ello, o al menos que alg\u00fan incentivo aparte, diferente de la realizaci\u00f3n del objetivo com\u00fan o grupal, sea ofrecido a los miembros del grupo individualmente, con la condici\u00f3n de que ellos ayuden con los costes o cargas envueltas en la consecuci\u00f3n de esos objetivos grupales\u00bb. Podr\u00e1n preguntarse qu\u00e9 est\u00e1 diciendo, importa poco, pero eso se repetir\u00e1 en muchas c\u00e1tedras universitarias y as\u00ed se formar\u00e1 el coro de los que repiten esas \u201cverdades reveladas\u201d con car\u00e1cter de \u201cverdades cient\u00edficas\u201d.<br \/>Vean como sigue: \u00abHay parad\u00f3jicamente, la posibilidad l\u00f3gica de que los grupos compuestos de individuos altruistas o de individuos irracionales puedan a veces actuar a favor de intereses comunes o grupales\u00bb, equivale a decir se corre el riesgo de que haya gente que se preocupe por los dem\u00e1s. Nuestro em\u00e9rito profesor nos tranquiliza: \u00abesa posibilidad l\u00f3gica generalmente no tiene la m\u00e1s m\u00ednima importancia pr\u00e1ctica. Por lo tanto, la visi\u00f3n de costumbre de que grupos de individuos con intereses comunes tienden a promover esos intereses parece tener poco m\u00e9rito, si es que tiene alguno\u00bb. El supuesto que sostiene toda la teor\u00eda es que lo que abundan son los ego\u00edstas que s\u00f3lo atienden a su inter\u00e9s personal, que vienen a ser los \u201cnormales\u201d.<br \/>Estas \u201cverdades\u201d han calado muy hondo en las \u00faltimas generaciones y son repetidas con toda fidelidad por todos aquellos comunicadores que respetan los \u201csaberes acad\u00e9micos\u201d de estos profesionales, muchas veces laureados por las academias internacionales. Esto permite comprender que haya una cantidad de gente que crea sinceramente en todo ello.<\/p>\n","protected":false},"excerpt":{"rendered":"<p>No quisiera que se malinterpretaran mis palabras. Podr\u00edan haber dejado la impresi\u00f3n que todo aquel que defiende las ideas de la ortodoxia liberal es un mercenario a sueldo de los poderes internacionales. Que estos existen no debe quedar la menor duda, la historia est\u00e1 llena de ejemplos y entre nosotros no escasean. Son lo que [&hellip;]<\/p>\n","protected":false},"author":1,"featured_media":0,"comment_status":"open","ping_status":"open","sticky":false,"template":"","format":"standard","meta":{"footnotes":""},"categories":[1],"tags":[],"class_list":["post-518","post","type-post","status-publish","format-standard","hentry","category-sin-categoria"],"_links":{"self":[{"href":"https:\/\/ricardovicentelopez.com.ar\/index.php?rest_route=\/wp\/v2\/posts\/518","targetHints":{"allow":["GET"]}}],"collection":[{"href":"https:\/\/ricardovicentelopez.com.ar\/index.php?rest_route=\/wp\/v2\/posts"}],"about":[{"href":"https:\/\/ricardovicentelopez.com.ar\/index.php?rest_route=\/wp\/v2\/types\/post"}],"author":[{"embeddable":true,"href":"https:\/\/ricardovicentelopez.com.ar\/index.php?rest_route=\/wp\/v2\/users\/1"}],"replies":[{"embeddable":true,"href":"https:\/\/ricardovicentelopez.com.ar\/index.php?rest_route=%2Fwp%2Fv2%2Fcomments&post=518"}],"version-history":[{"count":0,"href":"https:\/\/ricardovicentelopez.com.ar\/index.php?rest_route=\/wp\/v2\/posts\/518\/revisions"}],"wp:attachment":[{"href":"https:\/\/ricardovicentelopez.com.ar\/index.php?rest_route=%2Fwp%2Fv2%2Fmedia&parent=518"}],"wp:term":[{"taxonomy":"category","embeddable":true,"href":"https:\/\/ricardovicentelopez.com.ar\/index.php?rest_route=%2Fwp%2Fv2%2Fcategories&post=518"},{"taxonomy":"post_tag","embeddable":true,"href":"https:\/\/ricardovicentelopez.com.ar\/index.php?rest_route=%2Fwp%2Fv2%2Ftags&post=518"}],"curies":[{"name":"wp","href":"https:\/\/api.w.org\/{rel}","templated":true}]}}