{"id":517,"date":"2010-02-14T12:11:00","date_gmt":"2010-02-14T12:11:00","guid":{"rendered":"http:\/\/ricardovicentelopez.com.ar\/?p=517"},"modified":"2015-03-21T14:05:03","modified_gmt":"2015-03-21T14:05:03","slug":"miremos-hacia-adentro-xvi-la-dimension-nacional","status":"publish","type":"post","link":"https:\/\/ricardovicentelopez.com.ar\/?p=517","title":{"rendered":"Miremos hacia adentro XVI \u2013 La dimensi\u00f3n nacional"},"content":{"rendered":"<p>Ya hab\u00eda quedado planteada, a modo de pregunta a investigar, el por qu\u00e9 algunos sectores de nuestra comunidad pol\u00edtica se sienten atra\u00eddos por un sistema de ideas que desde lo ideol\u00f3gico, lo pol\u00edtico y desde los resultados de su aplicaci\u00f3n han demostrado ser contrapuestas a sus propios intereses de clase. El 2001 ha sido un estallido de importantes sectores sociales que hab\u00edan padecido esos resultados, siendo los sectores medios muy perjudicados. No es un tema de f\u00e1cil an\u00e1lisis, ni de explicaci\u00f3n satisfactoria. Lo cual no debe ser un obst\u00e1culo para que sigamos d\u00e1ndole vueltas al tema en la b\u00fasqueda de algunas respuestas orientativas. Creo que podemos coincidir que este tema no es un antojo m\u00edo sino que, por el contrario, es tema que inquieta a muchos analistas pol\u00edticos. Por ejemplo tomemos uno de ellos. <br \/>El estudio de opini\u00f3n p\u00fablica sobre \u201cLa democracia y sus instituciones\u201d, realizado por la consultora Pulso Social, viene a ratificar con datos emp\u00edricos la tesis de esta reflexi\u00f3n: se puede verificar que se percibe una especie de desencanto con el sistema pol\u00edtico, sin que se pueda encontrar entre las opiniones que se recogen una idea clara de las causas del descr\u00e9dito que pesa sobre la democracia en muchos sectores de la sociedad. Esto no debe llevarnos a pensar en que los ciudadanos encuestados rechazan la democracia pretendiendo instalar reg\u00edmenes dictatoriales, aunque no falten quienes lo sostengan: \u201ccon los militares est\u00e1bamos mejor\u201d, que puede ser argumentado por algunos que en momentos de ira y hasta desesperaci\u00f3n, terminan apelando a frases como estas o al pedido del retorno de \u201cla mano dura\u201d.<br \/>Mirando en detalle el trabajo de Pulso Social se puede discernir que \u00abson los m\u00e1s j\u00f3venes quienes menos entusiasmo demuestran por la democracia. No es dif\u00edcil concluir que quienes as\u00ed opinan no conocen otra forma de gobierno y, por lo tanto, se les hace dif\u00edcil una comparaci\u00f3n. Los adultos que vivieron los tiempos de la dictadura, por ejemplo, tienen m\u00e1s elementos para valorar y cotejar entre sistemas. La opini\u00f3n de estos \u00faltimos est\u00e1 menos ligada a los resultados de la coyuntura. Con un poco m\u00e1s de panorama se puede llegar a concluir que las carencias y las dificultades actuales pueden ser m\u00e1s f\u00e1cilmente adjudicables a las fallas de los hombres y de algunas de las instituciones, a la corrupci\u00f3n o a otros factores circunstanciales antes que al sistema como tal\u00bb.<br \/>Contin\u00faa el informe: \u00abEn uno y otro caso, las cr\u00edticas a la democracia pueden ser atribuidas, por una parte, a la despolitizaci\u00f3n creciente de la ciudadan\u00eda. Para valorar el sistema hay que encontrar sentido a la propia acci\u00f3n dentro del mismo. La mera emisi\u00f3n del sufragio no es suficiente como para sentirse parte de aquello que llamamos pomposamente sistema democr\u00e1tico. Pero seguramente lo que m\u00e1s incide en la construcci\u00f3n de la opini\u00f3n que refleja el sondeo, es la relaci\u00f3n entre democracia y calidad de vida. Las personas valoran el sistema por el resultado pr\u00e1ctico y ostensible que deja en sus vidas. Y si la vida cotidiana no es manifestaci\u00f3n de una calidad de vida satisfactoria \u2013con toda la complejidad de componentes que supone hablar de calidad de vida\u2013 es imposible que se le pida que valoren el sistema. No hay disociaci\u00f3n posible. La calidad de vida es a la valoraci\u00f3n de la democracia, tanto como el sistema mismo aporte al bienestar de los ciudadanos. Por extensi\u00f3n, como tambi\u00e9n lo se\u00f1ala el estudio, los dirigentes pol\u00edticos no pod\u00edan salir mejor parados\u00bb.<br \/>Debo compartir las l\u00edneas generales de lo que sostiene el informe, pero me surge una duda de la validez total de lo afirmado. Aceptando que el concepto \u201ccalidad de vida\u201d est\u00e1 hoy asociado a \u201cnivel de consumo\u201d. Sectores que se han beneficiado con la estabilidad pol\u00edtica y econ\u00f3mica que fue conseguida despu\u00e9s del fat\u00eddico 2001, que en investigaciones econ\u00f3micas respecto de la facturaci\u00f3n de shoppings, lugares de veraneos, pasajes de larga distancia, etc., muestran un incremento muy importante, son esos mismos sectores los que muestran su desagrado por esta etapa de la situaci\u00f3n del pa\u00eds.<\/p>\n","protected":false},"excerpt":{"rendered":"<p>Ya hab\u00eda quedado planteada, a modo de pregunta a investigar, el por qu\u00e9 algunos sectores de nuestra comunidad pol\u00edtica se sienten atra\u00eddos por un sistema de ideas que desde lo ideol\u00f3gico, lo pol\u00edtico y desde los resultados de su aplicaci\u00f3n han demostrado ser contrapuestas a sus propios intereses de clase. El 2001 ha sido un [&hellip;]<\/p>\n","protected":false},"author":1,"featured_media":0,"comment_status":"open","ping_status":"open","sticky":false,"template":"","format":"standard","meta":{"footnotes":""},"categories":[1],"tags":[],"class_list":["post-517","post","type-post","status-publish","format-standard","hentry","category-sin-categoria"],"_links":{"self":[{"href":"https:\/\/ricardovicentelopez.com.ar\/index.php?rest_route=\/wp\/v2\/posts\/517","targetHints":{"allow":["GET"]}}],"collection":[{"href":"https:\/\/ricardovicentelopez.com.ar\/index.php?rest_route=\/wp\/v2\/posts"}],"about":[{"href":"https:\/\/ricardovicentelopez.com.ar\/index.php?rest_route=\/wp\/v2\/types\/post"}],"author":[{"embeddable":true,"href":"https:\/\/ricardovicentelopez.com.ar\/index.php?rest_route=\/wp\/v2\/users\/1"}],"replies":[{"embeddable":true,"href":"https:\/\/ricardovicentelopez.com.ar\/index.php?rest_route=%2Fwp%2Fv2%2Fcomments&post=517"}],"version-history":[{"count":0,"href":"https:\/\/ricardovicentelopez.com.ar\/index.php?rest_route=\/wp\/v2\/posts\/517\/revisions"}],"wp:attachment":[{"href":"https:\/\/ricardovicentelopez.com.ar\/index.php?rest_route=%2Fwp%2Fv2%2Fmedia&parent=517"}],"wp:term":[{"taxonomy":"category","embeddable":true,"href":"https:\/\/ricardovicentelopez.com.ar\/index.php?rest_route=%2Fwp%2Fv2%2Fcategories&post=517"},{"taxonomy":"post_tag","embeddable":true,"href":"https:\/\/ricardovicentelopez.com.ar\/index.php?rest_route=%2Fwp%2Fv2%2Ftags&post=517"}],"curies":[{"name":"wp","href":"https:\/\/api.w.org\/{rel}","templated":true}]}}