{"id":516,"date":"2010-02-17T11:36:00","date_gmt":"2010-02-17T11:36:00","guid":{"rendered":"http:\/\/ricardovicentelopez.com.ar\/?p=516"},"modified":"2015-03-21T14:05:03","modified_gmt":"2015-03-21T14:05:03","slug":"miremos-hacia-adentro-xvii-la-dimension-nacional","status":"publish","type":"post","link":"https:\/\/ricardovicentelopez.com.ar\/?p=516","title":{"rendered":"Miremos hacia adentro XVII \u2013 La dimensi\u00f3n nacional"},"content":{"rendered":"<p>La confusi\u00f3n de valores pol\u00edticos en los que est\u00e1 sumergida la cultura pol\u00edtica argentina (aunque esto no es exclusividad nuestra) est\u00e1 mostrando sus  consecuencias despu\u00e9s de la experiencia de los a\u00f1os noventa con el final conocido del 2001. Como ya vimos, la expectativa de un cambio profundo que hac\u00eda pensar la severidad de ese colapso ideol\u00f3gico se vio frustrada en los a\u00f1os siguientes. El \u201cque se vayan todos\u201d encontr\u00f3 como respuesta el que \u201cvolvieron todos\u201d. Es comprensible a la distancia el grado de ingenuidad que encerraban las expectativas aquellas. Un cambio generacional de dirigentes lleva d\u00e9cadas no es el resultado de la simple demanda. Es necesario un cambio de fondo en la cultura pol\u00edtica de todos nosotros para que se den las condiciones de acceso de una nueva clase dirigente.<br \/>La convocatoria electoral del 2003 mostr\u00f3 para sorpresa de muchos que los candidatos, salvo alguna excepci\u00f3n, eran los mismos. Peor a\u00fan, quien sali\u00f3 ganador en la primera vuelta con casi una cuarta parte de los votos era uno de los art\u00edfices m\u00e1s importantes de ese final de cat\u00e1strofe. Si sumamos los votos de Menem,  L\u00f3pez Murphy y Rodr\u00edguez Saa tenemos una cantidad de votantes que alcanz\u00f3 el 55% que expres\u00f3 su preferencia por candidatos de la derecha ligados a lo m\u00e1s importante de las privatizaciones y la especulaci\u00f3n financiera. Todo lo mismo. Dejo a un costado a Kirchner puesto que en aquel momento se sab\u00eda muy poco de \u00e9l. Este es un dato estad\u00edstico que habla de todos nosotros, es una radiograf\u00eda de las preferencias de los votantes de la Argentina del 2003. Si bien la ciudad de Buenos Aires es un tema especial, la elecci\u00f3n siguiente mostr\u00f3 un cuadro no muy distinto en el 2007. Para Jefe de Gobierno triunf\u00f3 Macri con el 45 % de los votos, completando en la segunda vuelta el 61%. Mientras que en las presidenciales Cristina obtuvo el 45 %.<br \/>Todo este breve juego num\u00e9rico nos permite recordar de donde venimos para no sorprendernos con algunas conductas. Carlos F. De Angelis &#8211; soci\u00f3logo y autor de Radiograf\u00eda del voto porte\u00f1o: la Argentina que viene, nos invita a pensar de este modo: \u00abLuego de un cuarto de siglo, no ausente de crisis y dificultades, la democracia argentina parece dar muestras de fatiga que deben ser analizadas. Este desgaste no es abstracto, sino que puede ser identificado en la vida cotidiana donde crecen signos de intolerancia y expresiones autoritarias. Las situaciones que jaquearon a la democracia en el pasado fueron visibles: asonadas militares, hiperinflaci\u00f3n o los saqueos. Hoy la acechanza proviene de un enemigo silencioso: la creciente p\u00e9rdida de la valoraci\u00f3n del sistema democr\u00e1tico y de sus instituciones\u00bb. En un estudio realizado durante la \u00faltima semana del mes de noviembre se puede ver que la imagen positiva de la democracia se reduce al 36% de los argentinos, y que a un n\u00famero similar les resulta indiferente\u00bb. Muestra su preocupaci\u00f3n por la percepci\u00f3n indiferente que se profundiza entre los j\u00f3venes, donde s\u00f3lo un 15% se expresa de esta forma.<br \/>Lo que demuestra el grado de confusi\u00f3n mencionado es que, parad\u00f3jicamente, la estima de la democracia como concepto es superior al funcionamiento de sus instituciones. \u00abLos pol\u00edticos, los partidos, la Justicia y el Congreso poseen una muy baja valoraci\u00f3n positiva. El caso de los pol\u00edticos es emblem\u00e1tico. Son rechazados por siete de cada diez argentinos. Y los partidos, marchitas organizaciones pol\u00edticas, poseen una percepci\u00f3n negativa de seis de cada diez. La perspectiva de una clase pol\u00edtica que priorizar\u00eda sus intereses particulares por sobre los de la ciudadan\u00eda se ha instalado como dogma\u00bb. Lo que nos debe llevar a pensar que cambiar esta percepci\u00f3n llevar\u00e1 mucho trabajo y varias generaciones, salvo una iluminaci\u00f3n de la conciencia colectiva o la aparici\u00f3n de un nuevo pol\u00edtico carism\u00e1tico popular (nada de ello parece hoy, en este estado de conciencia, posible). Vuelve a aparecer un tema ya analizado: \u00abel reemplazo de las identidades partidarias por modelos que asimilan las candidaturas a marcas de productos, puede ser exitoso en la coyuntura, sin embargo contribuye al descr\u00e9dito de la dirigencia, sobre todo cuando se evidencia que esas \u201cmarcas\u201d no logran transformarse en gestoras eficaces de lo p\u00fablico\u00bb.<br \/>Concluye diciendo: \u00abLa democracia no es un monumento ni un recuerdo de mejores \u00e9pocas, sino un organismo vivo que s\u00f3lo puede asentarse en una sociedad democr\u00e1tica en t\u00e9rminos pol\u00edticos pero tambi\u00e9n econ\u00f3micos. Sin una mejor distribuci\u00f3n del ingreso, la inclusi\u00f3n social y un futuro sustentable para todos no se vuelven una realidad palpable, el voto pasa a ser un acto vac\u00edo de contenido. Pero, c\u00f3mo se sale de la trampa, donde parte de la ciudadan\u00eda pide soluciones inmediatas y m\u00e1gicas a los problemas de la sociedad, y donde buena parte de la clase pol\u00edtica propone soluciones de corto plazo, sin la planificaci\u00f3n necesaria o estudios que eval\u00faen sus impactos\u00bb. Esto nos muestra esa \u201ctrampa\u201d en que nos han colocado los modos actuales de la pol\u00edtica: se demanda con urgencia y se promete que se puede. Esta trampa no es el resultado de un dise\u00f1o, es la consecuencia de un largo proceso de demandas acumuladas insatisfechas y de promesas vanas con el \u00fanico prop\u00f3sito de ganar una elecci\u00f3n: \u00abSi hubiera dicho la verdad no me hubieran votado\u00bb (Menem). Debemos aqu\u00ed enfrentarnos a la pregunta: \u00bfC\u00f3mo se cambia una sociedad que muestra una creciente apat\u00eda y desinter\u00e9s sobre lo p\u00fablico o com\u00fan, que rechaza participar, pero a la vez reclama una renovaci\u00f3n de la clase dirigente de la que no quiere participar? Los \u201cellos culpables\u201d y cada uno de nosotros estamos entremezclados en un \u201cpacto siniestro\u201d que nos tiene aprisionados.<\/p>\n","protected":false},"excerpt":{"rendered":"<p>La confusi\u00f3n de valores pol\u00edticos en los que est\u00e1 sumergida la cultura pol\u00edtica argentina (aunque esto no es exclusividad nuestra) est\u00e1 mostrando sus consecuencias despu\u00e9s de la experiencia de los a\u00f1os noventa con el final conocido del 2001. Como ya vimos, la expectativa de un cambio profundo que hac\u00eda pensar la severidad de ese colapso [&hellip;]<\/p>\n","protected":false},"author":1,"featured_media":0,"comment_status":"open","ping_status":"open","sticky":false,"template":"","format":"standard","meta":{"footnotes":""},"categories":[1],"tags":[],"class_list":["post-516","post","type-post","status-publish","format-standard","hentry","category-sin-categoria"],"_links":{"self":[{"href":"https:\/\/ricardovicentelopez.com.ar\/index.php?rest_route=\/wp\/v2\/posts\/516","targetHints":{"allow":["GET"]}}],"collection":[{"href":"https:\/\/ricardovicentelopez.com.ar\/index.php?rest_route=\/wp\/v2\/posts"}],"about":[{"href":"https:\/\/ricardovicentelopez.com.ar\/index.php?rest_route=\/wp\/v2\/types\/post"}],"author":[{"embeddable":true,"href":"https:\/\/ricardovicentelopez.com.ar\/index.php?rest_route=\/wp\/v2\/users\/1"}],"replies":[{"embeddable":true,"href":"https:\/\/ricardovicentelopez.com.ar\/index.php?rest_route=%2Fwp%2Fv2%2Fcomments&post=516"}],"version-history":[{"count":0,"href":"https:\/\/ricardovicentelopez.com.ar\/index.php?rest_route=\/wp\/v2\/posts\/516\/revisions"}],"wp:attachment":[{"href":"https:\/\/ricardovicentelopez.com.ar\/index.php?rest_route=%2Fwp%2Fv2%2Fmedia&parent=516"}],"wp:term":[{"taxonomy":"category","embeddable":true,"href":"https:\/\/ricardovicentelopez.com.ar\/index.php?rest_route=%2Fwp%2Fv2%2Fcategories&post=516"},{"taxonomy":"post_tag","embeddable":true,"href":"https:\/\/ricardovicentelopez.com.ar\/index.php?rest_route=%2Fwp%2Fv2%2Ftags&post=516"}],"curies":[{"name":"wp","href":"https:\/\/api.w.org\/{rel}","templated":true}]}}