{"id":515,"date":"2010-02-21T20:55:00","date_gmt":"2010-02-21T20:55:00","guid":{"rendered":"http:\/\/ricardovicentelopez.com.ar\/?p=515"},"modified":"2015-03-21T14:05:03","modified_gmt":"2015-03-21T14:05:03","slug":"miremos-hacia-adentro-xviii-la-dimension-nacional","status":"publish","type":"post","link":"https:\/\/ricardovicentelopez.com.ar\/?p=515","title":{"rendered":"Miremos hacia adentro XVIII \u2013 La dimensi\u00f3n nacional"},"content":{"rendered":"<p>La historia de los procesos pol\u00edticos parece tener una din\u00e1mica propia que la impulsa a avanzar por caminos que va trazando. Los hombres y mujeres con sus acciones y sus omisiones, dije ya, convergen en una especie de resultante de fuerzas que la empuja en un sentido. La tan mencionada polis griega resolv\u00eda esto con la participaci\u00f3n de un pu\u00f1ado de personas que acud\u00edan al \u00e1gora, el resto de la poblaci\u00f3n, la inmensa mayor\u00eda, viv\u00eda ajena a este nivel del poder. Veintitr\u00e9s siglos despu\u00e9s el Par\u00eds sublevado clamaba por la participaci\u00f3n ciudadana. Nace la democracia moderna que si bien no mostr\u00f3 una participaci\u00f3n mayoritaria la ampli\u00f3 en mucho. Los siglos XIX y XX mostraron un enfriamiento de aquellas pasiones, los \u201cdue\u00f1os del mercado\u201d fueron  suplantando el \u00e1gora pol\u00edtico hasta el punto que se podr\u00eda decir que hoy, en proporci\u00f3n, los que deciden son menos que hace siglos.<br \/>El problema est\u00e1 lejos de agotarse en el tema de la cantidad, la historia nos ha ense\u00f1ado que esos menos, tantas veces, con su calidad, erigidos en conductores de la historia en momentos de crisis, lograron marcar rumbos, modificaron la cultura pol\u00edtica, e hicieron docencia. Hoy estamos en una especie de desierto de la cultura pol\u00edtica. Impera el ego\u00edsmo, la chatura, la peque\u00f1ez, el cinismo, la mezquindad. La palabra democracia que llena la boca de tantos, acompa\u00f1ada de la palabra rep\u00fablica, carecen de contenido en su utilizaci\u00f3n por el modo en que se las esgrime en el pobre debate p\u00fablico, que exhibe una parte de los pol\u00edticos nuestros. Cuando es necesario llevar los temas pol\u00edticos al foro judicial queda demostrada la incapacidad para resolverlos en las instituciones espec\u00edficas, que se dicen defender. <br \/>En una entrevista, el jurista, acad\u00e9mico, juez de la Suprema Corte, Ra\u00fal Zaffaroni afirma: \u00absin duda que existe un largo camino de judicializaci\u00f3n de la pol\u00edtica, o sea, forma parte de una pr\u00e1ctica que se ha vuelto mundial, por supuesto, en que toda cuesti\u00f3n pol\u00edtica o parcialmente pol\u00edtica se deriva a la Justicia. Desde hace a\u00f1os se observa una clara tendencia a convertir a los estrados judiciales en una suerte de escenario. Creo que \u00e9sta es una tendencia peligrosa para la imagen del Poder Judicial. Sin referirme en concreto a ning\u00fan caso, sino como orientaci\u00f3n general de pol\u00edtica judicial, estimo que debemos preservar la Justicia y devolver los problemas a los verdaderos responsables, para que los resuelvan en sus \u00e1mbitos naturales\u00bb. La pregunta que se nos cruza es \u00bfpor qu\u00e9 se lleva a la justicia lo que, respetando la tan cacareada divisi\u00f3n de poderes, debe ser resuelto en el debate de ideas? Yo me atrevo a contestar: por incapacidad.<br \/> En estos tiempos podemos o\u00edr la acusaci\u00f3n de judicializar la pol\u00edtica, y eso aparece como una dificultad de lo que se enuncia como \u201cel libre juego de las instituciones\u201d. Estas \u00faltimas presentadas como las sagradas bases del funcionamiento democr\u00e1tico son utilizadas para zanjar problemas menores, para estirar los plazos esperando sacar ventajas. Es una confesi\u00f3n de incapacidad o de malas intenciones, o ambas cosas juntas.<br \/>Zaffaroni contin\u00faa: \u00abhay problemas que no saben c\u00f3mo resolver y los derivan al Judicial que, por su naturaleza no los puede resolver. En esos casos lo mejor es devolverlos urgentemente, pues de lo contrario el Poder Judicial carga con el fracaso de no hallarle soluci\u00f3n. En esta materia tenemos que cuidarnos mucho del narcisismo y de la omnipotencia. En otros casos se procura publicidad, \u00e9ste es siempre un buen escenario, los medios suelen cubrir todo lo que pasa, especialmente cuando tiene ribetes de esc\u00e1ndalo. Por \u00faltimo, no podemos olvidar una caracter\u00edstica de la pol\u00edtica: en todo el mundo se ha vuelto medi\u00e1tica. Cada pol\u00edtico asume un papel y queda preso de ese papel, no puede cambiar la imagen. Me parece que es algo que sociol\u00f3gicamente se vincula cercanamente con la presentaci\u00f3n de la persona en sociedad, la dramaturgia de que hablaba Irving Goffman [1922-1982], pero llevada al extremo. Hoy la pol\u00edtica se hace en la televisi\u00f3n, ya no hay contacto directo con las bases, se desprecian la militancia y el trabajo barrial. No es la pol\u00edtica que conoc\u00ed, es otra cosa. Hoy nadie se esfuerza ni casi se mata, como Alfons\u00edn, para llegar a hablarles a cincuenta personas en un pueblo de provincia. Y tribunales es un buen marco para la televisi\u00f3n\u00bb (el subrayado es m\u00edo).<br \/>Son palabras que no se deben dejar pasar, recuperan la capacidad de docencia sin la cual la pol\u00edtica se reduce a peleas de gallinero.<\/p>\n","protected":false},"excerpt":{"rendered":"<p>La historia de los procesos pol\u00edticos parece tener una din\u00e1mica propia que la impulsa a avanzar por caminos que va trazando. Los hombres y mujeres con sus acciones y sus omisiones, dije ya, convergen en una especie de resultante de fuerzas que la empuja en un sentido. La tan mencionada polis griega resolv\u00eda esto con [&hellip;]<\/p>\n","protected":false},"author":1,"featured_media":0,"comment_status":"open","ping_status":"open","sticky":false,"template":"","format":"standard","meta":{"footnotes":""},"categories":[1],"tags":[],"class_list":["post-515","post","type-post","status-publish","format-standard","hentry","category-sin-categoria"],"_links":{"self":[{"href":"https:\/\/ricardovicentelopez.com.ar\/index.php?rest_route=\/wp\/v2\/posts\/515","targetHints":{"allow":["GET"]}}],"collection":[{"href":"https:\/\/ricardovicentelopez.com.ar\/index.php?rest_route=\/wp\/v2\/posts"}],"about":[{"href":"https:\/\/ricardovicentelopez.com.ar\/index.php?rest_route=\/wp\/v2\/types\/post"}],"author":[{"embeddable":true,"href":"https:\/\/ricardovicentelopez.com.ar\/index.php?rest_route=\/wp\/v2\/users\/1"}],"replies":[{"embeddable":true,"href":"https:\/\/ricardovicentelopez.com.ar\/index.php?rest_route=%2Fwp%2Fv2%2Fcomments&post=515"}],"version-history":[{"count":0,"href":"https:\/\/ricardovicentelopez.com.ar\/index.php?rest_route=\/wp\/v2\/posts\/515\/revisions"}],"wp:attachment":[{"href":"https:\/\/ricardovicentelopez.com.ar\/index.php?rest_route=%2Fwp%2Fv2%2Fmedia&parent=515"}],"wp:term":[{"taxonomy":"category","embeddable":true,"href":"https:\/\/ricardovicentelopez.com.ar\/index.php?rest_route=%2Fwp%2Fv2%2Fcategories&post=515"},{"taxonomy":"post_tag","embeddable":true,"href":"https:\/\/ricardovicentelopez.com.ar\/index.php?rest_route=%2Fwp%2Fv2%2Ftags&post=515"}],"curies":[{"name":"wp","href":"https:\/\/api.w.org\/{rel}","templated":true}]}}