{"id":506,"date":"2010-03-21T13:47:00","date_gmt":"2010-03-21T13:47:00","guid":{"rendered":"http:\/\/ricardovicentelopez.com.ar\/?p=506"},"modified":"2015-03-21T14:05:02","modified_gmt":"2015-03-21T14:05:02","slug":"la-crisis-del-capitalismo-iii","status":"publish","type":"post","link":"https:\/\/ricardovicentelopez.com.ar\/?p=506","title":{"rendered":"La crisis del capitalismo III"},"content":{"rendered":"<p>Apunta Adam Smith, en su famoso libro ya citado, en el cap\u00edtulo dedicado a los salarios y el beneficio, dice que: \u00abrara vez suelen juntarse las gentes ocupadas en la misma profesi\u00f3n u oficio, aunque s\u00f3lo sea para distraerse o divertirse, sin que la conversaci\u00f3n gire en torno a alguna conspiraci\u00f3n contra el p\u00fablico o alguna maquinaci\u00f3n para elevar los precios\u00bb. La b\u00fasqueda de la mayor ganancia posible, leg\u00edtima dentro de las normas establecidas, se tornan \u00abconspirativas\u00bb en esas conversaciones cuando se apela a v\u00edas que lesionan la funci\u00f3n social de la producci\u00f3n: la satisfacci\u00f3n de las necesidades del consumidor. Dice el Profesor de Econom\u00eda y Teor\u00eda Econ\u00f3mica del Derecho de la Universidad Aut\u00f3noma Metropolitana, M\u00e9xico, Dr. Arturo Damm Arnal, dejan de ser leg\u00edtimas cuando \u00absolamente se logra limitando o eliminando la competencia, sobre todo v\u00eda precios, todo ello en contra de los intereses de los consumidores y, todav\u00eda m\u00e1s grave, en contra del mejor uso posible de los factores de la producci\u00f3n que, por ser escasos, deben usarse de la mejor manera posible, que no es otra m\u00e1s que aquella que m\u00e1s conviene a los consumidores\u00bb. Esa b\u00fasqueda, cuando se alimenta con la codicia, ha apelado a todas las formas posibles para su logro, lo han intentado \u00abcon la ayuda del gobierno, de quien han buscado, y en no pocos casos conseguido, todo tipo de privilegios, desde subsidios hasta concesiones monop\u00f3licas, todos con la misma consecuencia: limitar (en el mejor de los casos) o eliminar (en el peor), la competencia, con el fin de lograr, por la v\u00eda del incremento en el precio, y no por el camino de la reducci\u00f3n en el costo de producci\u00f3n, la mayor ganancia posible, siempre en contra de los intereses de los consumidores\u00bb. El profesor Damm Arnal aclara:<br \/>\u201cLa asociaci\u00f3n de los empresarios tiene como fin luchar contra tales abusos del poder pol\u00edtico a favor de los derechos de \u00e9stos, y, como tal, es leg\u00edtima \u00bfPero qu\u00e9 sucede cuando la asociaci\u00f3n, por aquello de que la uni\u00f3n hace la fuerza, lo que busca no es luchar contra las arbitrariedades del poder pol\u00edtico sino conseguir el favor del gobernante en turno, y conseguirlo en la forma de alg\u00fan privilegio que limite o elimine la competencia? Entonces se cumple lo se\u00f1alado por Smith, la conspiraci\u00f3n de los empresarios contra los consumidores, con el fin inmediato de subir el precio, y con el objetivo mediato de maximizar, de mala manera, las utilidades\u201d.<br \/>Lo dicho tiene como prop\u00f3sito desnudar el uso abusivo que se hace, de quien ha sido coronado como el Padre de la ciencia econ\u00f3mica, Adam Smith, cuando se lo cita sesgadamente. Como por ejemplo la tan mencionada mano invisible que aparece en el texto una o dos veces solamente, sin embargo se la ha convertido en el cimiento de la teor\u00eda econ\u00f3mica, ocultando en cambio las continuas advertencias que hace sobre el peligro de dejar a los empresarios sin control, puesto que, como \u00e9l afirma, su avidez de ganancias no tiene l\u00edmites. Si el famoso escoc\u00e9s, que no fue economista sino profesor de Teolog\u00eda Moral de la Universidad de Edimburgo, ya hab\u00eda percibido ese riesgo en el siglo XVIII, cuando todav\u00eda no se pod\u00eda prever la aparici\u00f3n de los grandes conglomerados internacionales, \u00bfc\u00f3mo se puede seguir hablando hoy de la libertad de los mercados? Esto s\u00f3lo es explicable por el peso que los intereses econ\u00f3micos tienen en la formulaci\u00f3n de un tipo de teor\u00eda que justifique el orden econ\u00f3mico capitalista. Desde fines del siglo XIX en adelante hemos podido comprobar la falacia de la libertad de los mercados cuando se puede percibir el claro predominio de los intereses de los poderosos. Esto llega hasta el punto de haber creado en 1995 una organizaci\u00f3n internacional: la Organizaci\u00f3n Mundial del Comercio que se muestra como una instancia de acuerdos cuando es, en realidad, un organismo que defiende los intereses de las grandes empresas.<\/p>\n","protected":false},"excerpt":{"rendered":"<p>Apunta Adam Smith, en su famoso libro ya citado, en el cap\u00edtulo dedicado a los salarios y el beneficio, dice que: \u00abrara vez suelen juntarse las gentes ocupadas en la misma profesi\u00f3n u oficio, aunque s\u00f3lo sea para distraerse o divertirse, sin que la conversaci\u00f3n gire en torno a alguna conspiraci\u00f3n contra el p\u00fablico o [&hellip;]<\/p>\n","protected":false},"author":1,"featured_media":0,"comment_status":"open","ping_status":"open","sticky":false,"template":"","format":"standard","meta":{"footnotes":""},"categories":[1],"tags":[],"class_list":["post-506","post","type-post","status-publish","format-standard","hentry","category-sin-categoria"],"_links":{"self":[{"href":"https:\/\/ricardovicentelopez.com.ar\/index.php?rest_route=\/wp\/v2\/posts\/506","targetHints":{"allow":["GET"]}}],"collection":[{"href":"https:\/\/ricardovicentelopez.com.ar\/index.php?rest_route=\/wp\/v2\/posts"}],"about":[{"href":"https:\/\/ricardovicentelopez.com.ar\/index.php?rest_route=\/wp\/v2\/types\/post"}],"author":[{"embeddable":true,"href":"https:\/\/ricardovicentelopez.com.ar\/index.php?rest_route=\/wp\/v2\/users\/1"}],"replies":[{"embeddable":true,"href":"https:\/\/ricardovicentelopez.com.ar\/index.php?rest_route=%2Fwp%2Fv2%2Fcomments&post=506"}],"version-history":[{"count":0,"href":"https:\/\/ricardovicentelopez.com.ar\/index.php?rest_route=\/wp\/v2\/posts\/506\/revisions"}],"wp:attachment":[{"href":"https:\/\/ricardovicentelopez.com.ar\/index.php?rest_route=%2Fwp%2Fv2%2Fmedia&parent=506"}],"wp:term":[{"taxonomy":"category","embeddable":true,"href":"https:\/\/ricardovicentelopez.com.ar\/index.php?rest_route=%2Fwp%2Fv2%2Fcategories&post=506"},{"taxonomy":"post_tag","embeddable":true,"href":"https:\/\/ricardovicentelopez.com.ar\/index.php?rest_route=%2Fwp%2Fv2%2Ftags&post=506"}],"curies":[{"name":"wp","href":"https:\/\/api.w.org\/{rel}","templated":true}]}}