{"id":502,"date":"2010-04-04T15:51:00","date_gmt":"2010-04-04T15:51:00","guid":{"rendered":"http:\/\/ricardovicentelopez.com.ar\/?p=502"},"modified":"2015-03-21T14:05:02","modified_gmt":"2015-03-21T14:05:02","slug":"el-capitalismo-en-crisis-vii","status":"publish","type":"post","link":"https:\/\/ricardovicentelopez.com.ar\/?p=502","title":{"rendered":"El capitalismo en crisis VII"},"content":{"rendered":"<p>Para aumentar el problema, muchas de las sanciones que se les imponen  a los individuos &#8211; no s\u00f3lo la prisi\u00f3n, sino conductas sociales de mayor importancia como la verg\u00fcenza y la desaprobaci\u00f3n de la comunidad &#8211; apenas tienen impacto o relevancia sobre las corporaciones. Esto tambi\u00e9n las coloca en un plano de excepci\u00f3n dentro de la vida democr\u00e1tica.<br \/>En los pa\u00edses subdesarrollados, que intentan por todos los medios a su alcance atraer inversiones extranjeras la historia es mucho peor. Las exigencias que imponen deterioran el nivel de vida de su poblaci\u00f3n: salarios m\u00ednimos, condiciones laborales brutales, falta de respeto hacia el medio ambiente. Cuando aparece alguna intenci\u00f3n de poner l\u00edmites a tales conductas amenazan las compa\u00f1\u00edas con irse, simplemente, a otra parte que no le impongan esas restricciones. Esto se conoce con el t\u00e9rmino, un tanto ambiguo, de deslocalizaciones (desplazamiento de la empresa hacia zonas m\u00e1s favorables). De estas amenazas no se salvan ni los Estados Unidos. Como en parte ya se ha ido dando con las grandes empresas multinacionales. El otro componente clave de la globalizaci\u00f3n corporativa es la institucionalizaci\u00f3n de sistemas de gobierno globales, sin ninguna responsabilidad ante nadie, que niegan a las democracias la opci\u00f3n de mejorar sus niveles de vida. Las reglas de la Organizaci\u00f3n Mundial del Comercio, as\u00ed como una larga lista de tratados de inversi\u00f3n y comercio bilaterales y regionales, protecci\u00f3n de patentes, est\u00e1n dise\u00f1adas b\u00e1sicamente para impedir a los pa\u00edses adoptar niveles de protecci\u00f3n laboral, medioambiental o del consumidor que vayan m\u00e1s all\u00e1 de lo que las corporaciones est\u00e1n dispuestas a aceptar.<br \/>El tema es de una gravedad extrema por las consecuencias que le imponen a todo el planeta, esto ha llevado a las Naciones Unidas a manifestarse del siguiente modo:<br \/>\u201cEl actual modelo de desarrollo y el correspondiente car\u00e1cter de producci\u00f3n y consumo no son sostenibles para los ricos y no pueden ser repetidos por los pobres. La continuaci\u00f3n por este camino puede llevar a nuestra civilizaci\u00f3n al colapso\u201d. Eso se afirma en el documento de la Conferencia de la ONU sobre el medio ambiente y el crecimiento sostenible, la que cont\u00f3 con la participaci\u00f3n de notables cient\u00edficos y se realiz\u00f3 en R\u00edo de Janeiro en el a\u00f1o 1992\u201d.<br \/>Dejando de lado el an\u00e1lisis del desarrollo del capitalismo del siglo XIX y mitad del XX, para no extenderme demasiado en estas notas, e ir directamente al panorama de las \u00faltimas d\u00e9cadas, voy a plantear el problema que puede reconocer como origen la d\u00e9cada de los setenta. La posguerra abr\u00eda un escenario en el cual las grandes potencias ten\u00edan que comenzar su reconstrucci\u00f3n, salvo los EEUU que no hab\u00eda sido v\u00edctima de destrucciones, los imperios debilitados dejaban paso a los procesos de descolonizaci\u00f3n en toda la periferia. Los sesenta y los setenta mostraban ya signos de recuperaci\u00f3n del conflicto, los dos imperios (EEUU y URSS) divid\u00edan el mundo en lo que se denomin\u00f3 la guerra fr\u00eda, sobre fines de esa \u00faltima d\u00e9cada dos gobiernos cayeron en manos del conservadurismo m\u00e1s retr\u00f3grado: Ronald Reagan (1911-2004) presidente de  los EEUU y Margaret Thatcher primera ministra de Gran Breta\u00f1a. Comenzaba la etapa del neoliberalismo (el mismo viejo liberalismo pero ahora despojado de sus ideales libertarios) que se consolidar\u00eda en el documento firmado en 1989, ya citado, Consenso de Washington. El Profesor en Derecho y Econom\u00eda de la Universidad Aut\u00f3noma de M\u00e9xico Dr. Alberto Anaya Guti\u00e9rrez afirma sobre la \u00e9poca:<br \/>\u201cLa contraofensiva capitalista adopt\u00f3 la forma del modelo neoliberal y de la globalizaci\u00f3n comandada por \u00e9l, que inicialmente se instrumentaron en los \u00faltimos a\u00f1os de la d\u00e9cada de los setenta y los primeros a\u00f1os ochenta en los pa\u00edses capitalistas m\u00e1s industrializados, especialmente en Gran Breta\u00f1a bajo el gobierno de Margaret Thatcher  y  en Estados Unidos bajo el primer gobierno de Ronald Reagan. A partir de entonces y hasta nuestros d\u00edas, el neoliberalismo y la globalizaci\u00f3n se extendieron por todo el mundo y se han mantenido como ejes rectores de la econom\u00eda, la vida social, la pol\u00edtica, las relaciones internacionales y la cultura en la mayor\u00eda de los pa\u00edses de todos los continentes\u201d.<\/p>\n","protected":false},"excerpt":{"rendered":"<p>Para aumentar el problema, muchas de las sanciones que se les imponen a los individuos &#8211; no s\u00f3lo la prisi\u00f3n, sino conductas sociales de mayor importancia como la verg\u00fcenza y la desaprobaci\u00f3n de la comunidad &#8211; apenas tienen impacto o relevancia sobre las corporaciones. Esto tambi\u00e9n las coloca en un plano de excepci\u00f3n dentro de [&hellip;]<\/p>\n","protected":false},"author":1,"featured_media":0,"comment_status":"open","ping_status":"open","sticky":false,"template":"","format":"standard","meta":{"footnotes":""},"categories":[1],"tags":[],"class_list":["post-502","post","type-post","status-publish","format-standard","hentry","category-sin-categoria"],"_links":{"self":[{"href":"https:\/\/ricardovicentelopez.com.ar\/index.php?rest_route=\/wp\/v2\/posts\/502","targetHints":{"allow":["GET"]}}],"collection":[{"href":"https:\/\/ricardovicentelopez.com.ar\/index.php?rest_route=\/wp\/v2\/posts"}],"about":[{"href":"https:\/\/ricardovicentelopez.com.ar\/index.php?rest_route=\/wp\/v2\/types\/post"}],"author":[{"embeddable":true,"href":"https:\/\/ricardovicentelopez.com.ar\/index.php?rest_route=\/wp\/v2\/users\/1"}],"replies":[{"embeddable":true,"href":"https:\/\/ricardovicentelopez.com.ar\/index.php?rest_route=%2Fwp%2Fv2%2Fcomments&post=502"}],"version-history":[{"count":0,"href":"https:\/\/ricardovicentelopez.com.ar\/index.php?rest_route=\/wp\/v2\/posts\/502\/revisions"}],"wp:attachment":[{"href":"https:\/\/ricardovicentelopez.com.ar\/index.php?rest_route=%2Fwp%2Fv2%2Fmedia&parent=502"}],"wp:term":[{"taxonomy":"category","embeddable":true,"href":"https:\/\/ricardovicentelopez.com.ar\/index.php?rest_route=%2Fwp%2Fv2%2Fcategories&post=502"},{"taxonomy":"post_tag","embeddable":true,"href":"https:\/\/ricardovicentelopez.com.ar\/index.php?rest_route=%2Fwp%2Fv2%2Ftags&post=502"}],"curies":[{"name":"wp","href":"https:\/\/api.w.org\/{rel}","templated":true}]}}