{"id":493,"date":"2010-05-06T12:13:00","date_gmt":"2010-05-06T12:13:00","guid":{"rendered":"http:\/\/ricardovicentelopez.com.ar\/?p=493"},"modified":"2015-03-21T14:05:02","modified_gmt":"2015-03-21T14:05:02","slug":"el-capitalismo-en-crisis-xvi","status":"publish","type":"post","link":"https:\/\/ricardovicentelopez.com.ar\/?p=493","title":{"rendered":"El capitalismo en crisis XVI"},"content":{"rendered":"<p>Nos estamos acercando al tema central de este trabajo: la crisis en que est\u00e1 sumido el capitalismo. Es cierto que esta no es la primera de ellas y que, como sostienen sus defensores, de todas las anteriores sali\u00f3, con sus heridas pero sali\u00f3. La pregunta es si \u00e9sta es una m\u00e1s de ellas o es la definitiva, adem\u00e1s que sea la definitiva no debe interpretarse como un derrumbe a corto plazo, puede durar siglos, aunque puede estallar en pocas d\u00e9cadas. Me adelanto a responder: esta pregunta no es nada f\u00e1cil de contestar y es muy probable de que nadie tenga la contestaci\u00f3n definitiva. Puedo decir, desde mis convicciones, que el capitalismo especulativo voraz est\u00e1 herido de muerte, pero como los grandes monstruos de las historias su muerte puede llegar en un plazo mayor al deseado por quienes sue\u00f1an con un mundo mejor. Cito ahora a un diplomado de la famosa y prestigiosa London School of Economics, el Dr. Chris Harman (1942 -2009), periodista brit\u00e1nico y editor internacional, que mantuvo una posici\u00f3n muy cr\u00edtica, seg\u00fan veremos. Ante la crisis financiera que estamos padeciendo. Sostuvo:<br \/>\u00abEnfrentados al desbarajuste del sistema, eran como gente tratando de navegar un barco sin mapa, comp\u00e1s o tim\u00f3n. Depositaron su fe en la econom\u00eda \u00abneocl\u00e1sica\u00bb ortodoxa, tal y como se ense\u00f1a en los institutos y las universidades, ya que se supone que prueba la superioridad del capitalismo frente a cualquier posible alternativa. Pero nunca ha sido capaz de explicar la propensi\u00f3n del sistema a las crisis. El sistema descansa sobre la interacci\u00f3n no planificada de miles de corporaciones multinacionales y un pu\u00f1ado de grandes gobiernos. Es como un sistema de tr\u00e1fico sin se\u00f1alizaci\u00f3n, carteles, sem\u00e1foros, restricciones de velocidad e, incluso, sin una conciencia clara de que todas y todos deben conducir por un mismo lado de la carretera. Esto hace que sea muy dif\u00edcil, para aquellos que proclaman tener una visi\u00f3n del sistema, evitar que los derrumbes en el sector financiero se generalicen en algo mucho m\u00e1s serio dentro de unos meses. Y cualquier \u00e9xito que tengan ser\u00e1 temporal, como mucho demorando el momento de la  cat\u00e1strofe un par de a\u00f1os\u00bb.<br \/>El periodista ingl\u00e9s Larry Elliott  escribi\u00f3 en febrero de este a\u00f1o (2010):<br \/>\u00abNadie podr\u00e1 decir que no les avisaron. Hace una d\u00e9cada, reci\u00e9n despedido de su puesto de economista jefe del Banco Mundial, Joseph Stiglitz  puso al descubierto la chapuza en que los ide\u00f3logos del libre mercado del Tesoro norteamericano y el Fondo Monetario Internacional hab\u00edan convertido la crisis financiera asi\u00e1tica del final de la  d\u00e9cada de 1990. Supon\u00eda un ataque en toda regla por parte de alguien situado dentro del mismo Washington e hizo da\u00f1o, sobre todo cuando Stiglitz afirm\u00f3 que muchos de los responsables de obligar a pa\u00edses como Tailandia e Indonesia a soportar una recesi\u00f3n m\u00e1s profunda y m\u00e1s larga eran \u00ablicenciados de tercera de universidades de primera\u00bb. Conclu\u00eda \u00e9l su art\u00edculo de New Republic avisando al FMI y al Tesoro norteamericano que, a menos que comenzaran a dialogar con sus cr\u00edticos, \u00ablas cosas seguir\u00e1n yendo muy, pero muy mal\u00bb\u00bb.  <br \/>Paul Krugman  dec\u00eda reflexivamente, no hace tanto tiempo:<br \/>\u00abEs dif\u00edcil creerlo ahora, pero no hace tanto tiempo los economistas se felicitaban mutuamente por el \u00e9xito de su especialidad. Estos \u00e9xitos -o al menos as\u00ed lo cre\u00edan ellos- eran tanto te\u00f3ricos como pr\u00e1cticos y conduc\u00edan a la profesi\u00f3n a su edad dorada. En el aspecto te\u00f3rico, cre\u00edan que hab\u00edan resuelto sus disputas internas. As\u00ed, en un trabajo titulado The State of Macro (es decir, de la macroeconom\u00eda, el estudio de cuestiones panor\u00e1micas como lo son las recesiones), Olivier Blanchard, del Instituto Tecnol\u00f3gico de Massachusetts (MIT), actualmente economista jefe del Fondo Monetario Internacional, declaraba que hab\u00eda habido \u00abuna amplia convergencia de puntos de vista\u00bb. Y en el mundo real, los economistas cre\u00edan que ten\u00edan las cosas bajo control: \u00abEl problema central de la prevenci\u00f3n de la depresi\u00f3n est\u00e1 resuelto\u00bb, declaraba Robert Lucas, de la Universidad de Chicago, en su discurso inaugural como presidente de la American Economic Association en 2003. En 2004, Ben Bernanke, un antiguo profesor en Princeton que ahora preside la Reserva Federal, celebraba la Gran Moderaci\u00f3n del comportamiento econ\u00f3mico comparado con las dos d\u00e9cadas precedentes, y que atribu\u00eda en parte al mejorado desempe\u00f1o de la pol\u00edtica econ\u00f3mica\u00bb.<\/p>\n","protected":false},"excerpt":{"rendered":"<p>Nos estamos acercando al tema central de este trabajo: la crisis en que est\u00e1 sumido el capitalismo. Es cierto que esta no es la primera de ellas y que, como sostienen sus defensores, de todas las anteriores sali\u00f3, con sus heridas pero sali\u00f3. La pregunta es si \u00e9sta es una m\u00e1s de ellas o es [&hellip;]<\/p>\n","protected":false},"author":1,"featured_media":0,"comment_status":"open","ping_status":"open","sticky":false,"template":"","format":"standard","meta":{"footnotes":""},"categories":[1],"tags":[],"class_list":["post-493","post","type-post","status-publish","format-standard","hentry","category-sin-categoria"],"_links":{"self":[{"href":"https:\/\/ricardovicentelopez.com.ar\/index.php?rest_route=\/wp\/v2\/posts\/493","targetHints":{"allow":["GET"]}}],"collection":[{"href":"https:\/\/ricardovicentelopez.com.ar\/index.php?rest_route=\/wp\/v2\/posts"}],"about":[{"href":"https:\/\/ricardovicentelopez.com.ar\/index.php?rest_route=\/wp\/v2\/types\/post"}],"author":[{"embeddable":true,"href":"https:\/\/ricardovicentelopez.com.ar\/index.php?rest_route=\/wp\/v2\/users\/1"}],"replies":[{"embeddable":true,"href":"https:\/\/ricardovicentelopez.com.ar\/index.php?rest_route=%2Fwp%2Fv2%2Fcomments&post=493"}],"version-history":[{"count":0,"href":"https:\/\/ricardovicentelopez.com.ar\/index.php?rest_route=\/wp\/v2\/posts\/493\/revisions"}],"wp:attachment":[{"href":"https:\/\/ricardovicentelopez.com.ar\/index.php?rest_route=%2Fwp%2Fv2%2Fmedia&parent=493"}],"wp:term":[{"taxonomy":"category","embeddable":true,"href":"https:\/\/ricardovicentelopez.com.ar\/index.php?rest_route=%2Fwp%2Fv2%2Fcategories&post=493"},{"taxonomy":"post_tag","embeddable":true,"href":"https:\/\/ricardovicentelopez.com.ar\/index.php?rest_route=%2Fwp%2Fv2%2Ftags&post=493"}],"curies":[{"name":"wp","href":"https:\/\/api.w.org\/{rel}","templated":true}]}}