{"id":488,"date":"2010-05-22T14:04:00","date_gmt":"2010-05-22T14:04:00","guid":{"rendered":"http:\/\/ricardovicentelopez.com.ar\/?p=488"},"modified":"2015-03-21T14:05:01","modified_gmt":"2015-03-21T14:05:01","slug":"el-capitalismo-en-crisis-xxi","status":"publish","type":"post","link":"https:\/\/ricardovicentelopez.com.ar\/?p=488","title":{"rendered":"El capitalismo en crisis XXI"},"content":{"rendered":"<p>Cuando dije en notas anteriores que nos quieren convencer de que la crisis ya pas\u00f3, deber\u00edamos preguntar \u00bfpara qui\u00e9nes? Parece haber algunos para quienes la crisis termin\u00f3 siendo un buen negocio; y hay qui\u00e9nes (la mayor\u00eda del planeta) han pagado el precio m\u00e1s duro, sin posibilidad a la vista de recuperarse. El economista, profesor de la Universidad Nacional de Rosario, Julio C. Gambina  sostiene al respecto: \u00abAun cuando algunos se\u00f1alan el fin de la crisis de la econom\u00eda mundial, existen evidencias de la gravedad econ\u00f3mica social de la coyuntura, puesta de manifiesto en el crecimiento de la miseria, la pobreza y el desempleo. No hay dudas de que las crisis la pagan los trabajadores y los pueblos\u00bb. Es este el problema que queda fuera del comentario cotidiano de los especialistas consultados por los medios de comunicaci\u00f3n. El problema es planteado siempre desde el inter\u00e9s del mercado, es decir de los inversores, los hombres del dinero, y las consecuencias del avance de la pobreza en el mundo s\u00f3lo aparece cuando se padece alguna cat\u00e1strofe.<br \/>El orden mundial, resultado de las definiciones que adopt\u00f3 la Trilateral Comission  a principio de los a\u00f1os  setenta, promovi\u00f3 la transnacionalizaci\u00f3n de la econom\u00eda, alentando un proceso de libre movimiento de los capitales. Este fue un programa sostenido por los capitales m\u00e1s concentrados del mundo y sustentado en el poder pol\u00edtico, diplom\u00e1tico y militar de los principales Estados capitalistas y los organismos internacionales que pretend\u00edan ordenar y legislar sobre el sistema mundial. Es una tendencia asumida como respuesta a la crisis de rentabilidad del capital a fines de los \u201860 y comienzos de los \u201970. La p\u00e9rdida de la rentabilidad se carg\u00f3 sobre las espaldas de los trabajadores. Un profundo conocedor del entramado de la actividad financiera es el economista Pam Martens, quien trabaj\u00f3 en Wall Street por m\u00e1s de veinte a\u00f1os. Desde su vasta experiencia advierte:<br \/>\u00abCreo que es hora de tomarse a Wall Street al pie de la letra. Ha dejado sobradamente claro su ansia insaciable por finiquitar tantas cosas: el mercado de la vivienda, el sistema financiero, la econom\u00eda, la legislaci\u00f3n reformista, el futuro de la pr\u00f3xima generaci\u00f3n. Wall Street est\u00e1 tan macerada en la destrucci\u00f3n que los s\u00edmbolos de muerte se encuentran por doquier. Wall Street denomina \u201cl\u00e1pidas\u201d a los grandes anuncios de prensa que publica para lanzar sus ofertas de mercado  (para entender lo apropiado que resulta, consid\u00e9rense los miles de millones en ofertas de bonos y acciones que recauda para las grandes tabacaleras). \u00bfY c\u00f3mo llama Wall Street a la terminaci\u00f3n de una orden de compra o venta? Una \u00abejecuci\u00f3n\u00bb (pensemos en cuantas operaciones de derivados \u00abejecutaron\u00bb para pacientes hoy tullidos y en reanimaci\u00f3n como Fannie Mae, Freddie Mac y AIG; o los veh\u00edculos aparte de los balances que crearon para Enron, WorldCom y docenas de empresas hoy en bancarrota)\u00bb.<br \/>Puede parecer un juego ir\u00f3nico de palabras, sin embargo el problema es serio. Sostiene que tal como est\u00e1 estructurada actualmente la banca de inversi\u00f3n de Wall Street no tiene incentivos para poner empresas viables en el mercado: \u00abWall Street invierte enormes sumas lo mismo para ponerle l\u00e1piz de labios a un cerdo y present\u00e1rselo al p\u00fablico que para lanzar empresas s\u00f3lidas con verdadero potencial de crecimiento de empleos. A lo largo de la \u00faltima d\u00e9cada, miles de millones de d\u00f3lares de ahorros de toda una vida de los inversores  han acabado mal colocados en falaces modelos de negocio. Hoy esas empresas no valen nada u operan en c\u00e9ntimos con Pink Sheets , cementerio de las ideas fallidas de la banca de inversi\u00f3n\u00bb. \u00bfCu\u00e1l es el resultado que est\u00e1 afectando a la poblaci\u00f3n del mundo, incluido el \u201cprimer mundo\u201d? El presidente de la Comisi\u00f3n Europea, Jos\u00e9 Manuel Barroso, declar\u00f3 que en la UE. \u00abEs totalmente inaceptable que casi 80 millones de europeos vivan hoy bajo el umbral de la pobreza\u00bb, manifest\u00f3 esto ante periodistas en Bruselas. Comentando el proyecto de estrategia \u00abEuropa 2020\u00bb aprobado por la Comisi\u00f3n Europea para garantizar el crecimiento econ\u00f3mico y la tasa de actividad en los pa\u00edses de la UE, que prev\u00e9 la creaci\u00f3n de una \u00abplataforma europea\u00bb para combatir la pobreza. La poblaci\u00f3n total de los 27 pa\u00edses que forman la Uni\u00f3n Europea supera 500 millones de personas de las que m\u00e1s del 15% se encuentra ahora en esas condiciones, en el famoso Primer Mundo.<\/p>\n","protected":false},"excerpt":{"rendered":"<p>Cuando dije en notas anteriores que nos quieren convencer de que la crisis ya pas\u00f3, deber\u00edamos preguntar \u00bfpara qui\u00e9nes? Parece haber algunos para quienes la crisis termin\u00f3 siendo un buen negocio; y hay qui\u00e9nes (la mayor\u00eda del planeta) han pagado el precio m\u00e1s duro, sin posibilidad a la vista de recuperarse. El economista, profesor de [&hellip;]<\/p>\n","protected":false},"author":1,"featured_media":0,"comment_status":"open","ping_status":"open","sticky":false,"template":"","format":"standard","meta":{"footnotes":""},"categories":[1],"tags":[],"class_list":["post-488","post","type-post","status-publish","format-standard","hentry","category-sin-categoria"],"_links":{"self":[{"href":"https:\/\/ricardovicentelopez.com.ar\/index.php?rest_route=\/wp\/v2\/posts\/488","targetHints":{"allow":["GET"]}}],"collection":[{"href":"https:\/\/ricardovicentelopez.com.ar\/index.php?rest_route=\/wp\/v2\/posts"}],"about":[{"href":"https:\/\/ricardovicentelopez.com.ar\/index.php?rest_route=\/wp\/v2\/types\/post"}],"author":[{"embeddable":true,"href":"https:\/\/ricardovicentelopez.com.ar\/index.php?rest_route=\/wp\/v2\/users\/1"}],"replies":[{"embeddable":true,"href":"https:\/\/ricardovicentelopez.com.ar\/index.php?rest_route=%2Fwp%2Fv2%2Fcomments&post=488"}],"version-history":[{"count":0,"href":"https:\/\/ricardovicentelopez.com.ar\/index.php?rest_route=\/wp\/v2\/posts\/488\/revisions"}],"wp:attachment":[{"href":"https:\/\/ricardovicentelopez.com.ar\/index.php?rest_route=%2Fwp%2Fv2%2Fmedia&parent=488"}],"wp:term":[{"taxonomy":"category","embeddable":true,"href":"https:\/\/ricardovicentelopez.com.ar\/index.php?rest_route=%2Fwp%2Fv2%2Fcategories&post=488"},{"taxonomy":"post_tag","embeddable":true,"href":"https:\/\/ricardovicentelopez.com.ar\/index.php?rest_route=%2Fwp%2Fv2%2Ftags&post=488"}],"curies":[{"name":"wp","href":"https:\/\/api.w.org\/{rel}","templated":true}]}}