{"id":480,"date":"2010-06-20T11:39:00","date_gmt":"2010-06-20T11:39:00","guid":{"rendered":"http:\/\/ricardovicentelopez.com.ar\/?p=480"},"modified":"2015-03-21T14:05:01","modified_gmt":"2015-03-21T14:05:01","slug":"el-capitalismo-en-crisis-xxix","status":"publish","type":"post","link":"https:\/\/ricardovicentelopez.com.ar\/?p=480","title":{"rendered":"El capitalismo en crisis XXIX"},"content":{"rendered":"<p>En un art\u00edculo reciente el escritor estadounidense John Berger rescata de un informe elaborado en el a\u00f1o 2007 por la oficina de  estad\u00edsticas de Justicia de EEUU el siguiente dato: \u00ab1 de cada 136 habitantes de ese pa\u00eds esta detenido en c\u00e1rceles o Institutos penitenciarios. Cuatro millones en total. El miedo es tambi\u00e9n global, responde a diversos motivos\u00bb. Para Berger \u00abA lo largo y ancho del planeta vivimos en una prisi\u00f3n. La prensa nos informa que 15 millones de mexicanos viven escondidos en EEUU, a pesar del muro que impide su ingreso, de 1.200 Km. de largo y 1.800 torres de observaci\u00f3n con polic\u00edas armados. La ONU cuenta 200 millones de refugiados en el mundo, escapando de guerras y pobrezas extremas\u00bb. Mirando nuestro entorno  observamos un mundo de barrios cerrados, villas miserias, favelas, nuevos ghetos. Los que all\u00ed habitan son en cierto modo compa\u00f1eros de prisi\u00f3n, seg\u00fan la expresi\u00f3n de Berger. Es visible que hay grupos de personas apartadas, excluidas de la sociedad, gente que est\u00e1 en esa situaci\u00f3n de presos a la fuerza, custodiados como criminales, pero est\u00e1n tambi\u00e9n quienes buscan voluntariamente estar custodiados por su anhelo de seguridad y protecci\u00f3n en barrios cerrados, \u201cedificios con seguridad\u201d, club de campo, etc. <br \/>El Dr. Galende  nos sugiere que pensemos en personas de nuestro entorno: \u00abPodemos sumar a los que viven encerrados en sus empleos por horarios que no dominan (por ejemplo la flexibilizaci\u00f3n laboral y la extensi\u00f3n horaria aprobada por el Parlamento Europeo). A todos los convierte en presos el miedo: por amenaza del desempleo, por la violencia, por el hambre, por la emigraci\u00f3n, por la ilusi\u00f3n de la seguridad. Como los criminales presos, quienes estamos presos en este mundo global amenazante nunca aceptamos este presente como definitivo, la mayor parte mantiene su anhelo de libertad, de poder elegir y decidir, pero no ignoramos que muchos, por diversas debilidades y desventajas sociales, son victimas personales del p\u00e1nico y la angustia cr\u00f3nica\u00bb. Por ello la afirmaci\u00f3n de Galende es clarificante: \u00abEste mundo del miedo no es natural ni espont\u00e1neo. Por v\u00eda del consumismo, que necesita de una cultura del individualismo, se trata de mantenernos aislados, como en las c\u00e1rceles se mantiene a los presos en celdas individuales, para evitar que la idea de un futuro en com\u00fan nos pueda volcar juntos a la resistencia\u00bb. <br \/>La baja calidad, calidad integral, de nuestras vidas es una de las causas de las angustias a las que estamos sometidos, tal vez  la m\u00e1s importante. Por ello, cuando se renuncia a la esperanza, porque no podemos escapar al efecto pernicioso del miedo, hemos aceptado que este estado de cosas es inmodificable, o si es posible modificarlo no es una tarea que podamos hacer cada uno de nosotros o, peor a\u00fan, es un tema que no interesa analizar. La aceptaci\u00f3n de la promesa del \u00e9xito personal, conseguible por pocos en el contexto masivo, aparta de este tipo de reflexiones. Ese \u00e9xito, obtenido en el escenario del mundo competitivo, no nos aleja de los miedos ni de las angustias, puesto que de ser as\u00ed las clases acomodadas no visitar\u00edan los consultorios de los psic\u00f3logos, los psiquiatras, terapeutas en general. Es evidente que eso no es cierto, m\u00e1s a\u00fan, un porcentaje importante de los pacientes provienen de esos sectores sociales. Esto no significa que en el resto de la sociedad no sea necesario, lo es porque esta sociedad capitalista no perdona a casi nadie.<br \/>Contin\u00faa Galende: \u00abEste encierro masivo hace que la vida urbana se parezca a la de la c\u00e1rcel o al manicomio: conflictos y luchas entre vecinos o antiguos compa\u00f1eros, pobres atacando a otros pobres, desempleados luchando contra  empleados, especialmente si son inmigrantes, aun en la pareja amorosa se observa la desconfianza y cuidado de no comprometer bienes y futuro. Si prestamos atenci\u00f3n veremos c\u00f3mo los medios a trav\u00e9s de mensajes incluidos en aparentes noticias, nos dicen que la vida es insegura, insisten con lo incierto de la econom\u00eda, los riesgos de epidemias, crisis energ\u00e9tica, cat\u00e1strofes naturales, amenazas del futuro cuyo contenido ficcional se oculta. Lo eficaz es generar el miedo y lograr su capacidad de mantenernos aislados. Estas operaciones medi\u00e1ticas son exitosas, mantienen su eficacia haci\u00e9ndonos creer que la prioridad para cada uno de nosotros es tomar medidas destinadas a nuestra seguridad personal, nos convencen de que nuestra  situaci\u00f3n de riesgo y amenazas del futuro depende lo que podamos hacer cada uno, no del destino en com\u00fan\u00bb.<\/p>\n","protected":false},"excerpt":{"rendered":"<p>En un art\u00edculo reciente el escritor estadounidense John Berger rescata de un informe elaborado en el a\u00f1o 2007 por la oficina de estad\u00edsticas de Justicia de EEUU el siguiente dato: \u00ab1 de cada 136 habitantes de ese pa\u00eds esta detenido en c\u00e1rceles o Institutos penitenciarios. Cuatro millones en total. El miedo es tambi\u00e9n global, responde [&hellip;]<\/p>\n","protected":false},"author":1,"featured_media":0,"comment_status":"open","ping_status":"open","sticky":false,"template":"","format":"standard","meta":{"footnotes":""},"categories":[1],"tags":[],"class_list":["post-480","post","type-post","status-publish","format-standard","hentry","category-sin-categoria"],"_links":{"self":[{"href":"https:\/\/ricardovicentelopez.com.ar\/index.php?rest_route=\/wp\/v2\/posts\/480","targetHints":{"allow":["GET"]}}],"collection":[{"href":"https:\/\/ricardovicentelopez.com.ar\/index.php?rest_route=\/wp\/v2\/posts"}],"about":[{"href":"https:\/\/ricardovicentelopez.com.ar\/index.php?rest_route=\/wp\/v2\/types\/post"}],"author":[{"embeddable":true,"href":"https:\/\/ricardovicentelopez.com.ar\/index.php?rest_route=\/wp\/v2\/users\/1"}],"replies":[{"embeddable":true,"href":"https:\/\/ricardovicentelopez.com.ar\/index.php?rest_route=%2Fwp%2Fv2%2Fcomments&post=480"}],"version-history":[{"count":0,"href":"https:\/\/ricardovicentelopez.com.ar\/index.php?rest_route=\/wp\/v2\/posts\/480\/revisions"}],"wp:attachment":[{"href":"https:\/\/ricardovicentelopez.com.ar\/index.php?rest_route=%2Fwp%2Fv2%2Fmedia&parent=480"}],"wp:term":[{"taxonomy":"category","embeddable":true,"href":"https:\/\/ricardovicentelopez.com.ar\/index.php?rest_route=%2Fwp%2Fv2%2Fcategories&post=480"},{"taxonomy":"post_tag","embeddable":true,"href":"https:\/\/ricardovicentelopez.com.ar\/index.php?rest_route=%2Fwp%2Fv2%2Ftags&post=480"}],"curies":[{"name":"wp","href":"https:\/\/api.w.org\/{rel}","templated":true}]}}