{"id":473,"date":"2010-07-18T11:47:00","date_gmt":"2010-07-18T11:47:00","guid":{"rendered":"http:\/\/ricardovicentelopez.com.ar\/?p=473"},"modified":"2015-03-21T14:05:01","modified_gmt":"2015-03-21T14:05:01","slug":"la-inmoralidad-del-capitalismo-iv","status":"publish","type":"post","link":"https:\/\/ricardovicentelopez.com.ar\/?p=473","title":{"rendered":"La inmoralidad del capitalismo IV"},"content":{"rendered":"<p>El profesor Torres L\u00f3pez, despu\u00e9s de se\u00f1alar una cantidad de estafas, profundiza algo que ya ha quedado dicho pero que ahora lo va a tratar en detalle: Las crisis del capitalismo y sus inmoralidades no son una manifestaci\u00f3n de un modo de gestionar los negocios financieros, sino son el resultado de una estructura b\u00e1sica que desde sus inicios ten\u00edan la capacidad de violentar las normas de su funcionamiento. Tal es el caso de la libre competencia que ya a mediados del siglo XIX Carlos Marx denunciaba en el Manifiesto Comunista: \u00abLa existencia y el predominio de la clase burguesa tienen por condici\u00f3n esencial la concentraci\u00f3n de la riqueza en manos de unos cuantos individuos, la formaci\u00f3n e incremento constante del capital; y \u00e9ste, a su vez, no puede existir sin el trabajo asalariado\u00bb. La concentraci\u00f3n de la riqueza es una forma b\u00e1sica del desarrollo capitalista y esto se logra gracias a la explotaci\u00f3n del trabajo. <br \/>Entonces, desde sus primeros pasos ya se insinuaba una distorsi\u00f3n que imped\u00eda la tan mencionada libertad de los mercados, dado que la competencia estaba condicionada por los poderosos que aniquilaban a los d\u00e9biles. Por tal raz\u00f3n Torres L\u00f3pez denomina a la crisis con el calificativo de sist\u00e9mica. \u00abComo hemos analizado hasta aqu\u00ed, la crisis que se inici\u00f3 en le verano de 2007, o quiz\u00e1 algo antes en realidad si se contemplan los primeros datos de p\u00e9rdidas bancarias, es bastante m\u00e1s que una simple crisis hipotecaria, como se quer\u00eda presentar cuando se inici\u00f3. Hemos podido comprobar que es una crisis que se enmarca en la historia de las crisis que se vienen padeciendo en el capitalismo como parte de ciclos econ\u00f3micos inexorables. Ni ha sido la primera, como hemos comentado, ni vas a ser la \u00faltima, sino que forma parte de esas encadenadas fases de prosperidad y depresi\u00f3n tan habituales en nuestra historia\u00bb.<br \/>A partir de la revoluci\u00f3n industrial se present\u00f3 una puja ideol\u00f3gica por el tema de la presencia del Estado en el funcionamiento de la econom\u00eda. Los liberales arrastraban un enfrentamiento con las monarqu\u00edas arbitrarias que se entromet\u00eda en el libre juego del mercado por su esencia rent\u00edstica. De all\u00ed que el estado deb\u00eda restringirse todo lo posible. Los poderosos adhirieron a esta ideolog\u00eda que utilizar\u00edan despu\u00e9s para justificar la negativa a la posibilidad de que el estado regule la actividad econ\u00f3mica y financiera. Ante esto dice el profesor: \u00abSin embargo, tambi\u00e9n hemos visto que es una crisis que ha sido provocada por circunstancias muy espec\u00edficas y en cierto modo particulares: la exagerada falta de regulaci\u00f3n de los \u00faltimos a\u00f1os, la complicidad de las autoridades, la permisividad como se dej\u00f3 crecer la burbuja inmobiliaria y el guante blanco con que se trat\u00f3 siempre a los banqueros y especuladores que se sab\u00eda positivamente que estaban llevando la econom\u00eda al borde del abismo\u00bb.<br \/>Las tan famosas leyes del mercado y su supuesta tendencia hacia el equilibrio no s\u00f3lo no funcionaron sino que su ausencia se hizo visible, aunque tarde. \u00abAl mismo tiempo, y siendo una crisis originada en el hecho concreto de la difusi\u00f3n de las hipotecas basura gracias a esa regulaci\u00f3n tan imperfecta, hemos comprobado que esta crisis no se habr\u00eda producido si no existiesen unas condiciones estructurales que generan una asimetr\u00eda tan grande entre el capital y el trabajo, entre las rentas de los grandes propietarios y los salarios, entres los m\u00e1s ricos del planeta y los trabajadores o incluso peque\u00f1os y medianos propietarios y empresarios y si esas asimetr\u00edas no se hubieran agrandado tanto en estos \u00faltimos a\u00f1os de globalizaci\u00f3n neoliberal en los que vivimos. Por tanto, es tambi\u00e9n una crisis del modo de producir en el que estamos, no solo de la manera en que se gobiernan la vida econ\u00f3mica sino de sus procesos b\u00e1sicos y m\u00e1s permanentes\u00bb.<\/p>\n","protected":false},"excerpt":{"rendered":"<p>El profesor Torres L\u00f3pez, despu\u00e9s de se\u00f1alar una cantidad de estafas, profundiza algo que ya ha quedado dicho pero que ahora lo va a tratar en detalle: Las crisis del capitalismo y sus inmoralidades no son una manifestaci\u00f3n de un modo de gestionar los negocios financieros, sino son el resultado de una estructura b\u00e1sica que [&hellip;]<\/p>\n","protected":false},"author":1,"featured_media":0,"comment_status":"open","ping_status":"open","sticky":false,"template":"","format":"standard","meta":{"footnotes":""},"categories":[1],"tags":[],"class_list":["post-473","post","type-post","status-publish","format-standard","hentry","category-sin-categoria"],"_links":{"self":[{"href":"https:\/\/ricardovicentelopez.com.ar\/index.php?rest_route=\/wp\/v2\/posts\/473","targetHints":{"allow":["GET"]}}],"collection":[{"href":"https:\/\/ricardovicentelopez.com.ar\/index.php?rest_route=\/wp\/v2\/posts"}],"about":[{"href":"https:\/\/ricardovicentelopez.com.ar\/index.php?rest_route=\/wp\/v2\/types\/post"}],"author":[{"embeddable":true,"href":"https:\/\/ricardovicentelopez.com.ar\/index.php?rest_route=\/wp\/v2\/users\/1"}],"replies":[{"embeddable":true,"href":"https:\/\/ricardovicentelopez.com.ar\/index.php?rest_route=%2Fwp%2Fv2%2Fcomments&post=473"}],"version-history":[{"count":0,"href":"https:\/\/ricardovicentelopez.com.ar\/index.php?rest_route=\/wp\/v2\/posts\/473\/revisions"}],"wp:attachment":[{"href":"https:\/\/ricardovicentelopez.com.ar\/index.php?rest_route=%2Fwp%2Fv2%2Fmedia&parent=473"}],"wp:term":[{"taxonomy":"category","embeddable":true,"href":"https:\/\/ricardovicentelopez.com.ar\/index.php?rest_route=%2Fwp%2Fv2%2Fcategories&post=473"},{"taxonomy":"post_tag","embeddable":true,"href":"https:\/\/ricardovicentelopez.com.ar\/index.php?rest_route=%2Fwp%2Fv2%2Ftags&post=473"}],"curies":[{"name":"wp","href":"https:\/\/api.w.org\/{rel}","templated":true}]}}