{"id":460,"date":"2010-08-31T15:15:00","date_gmt":"2010-08-31T15:15:00","guid":{"rendered":"http:\/\/ricardovicentelopez.com.ar\/?p=460"},"modified":"2015-03-21T14:05:00","modified_gmt":"2015-03-21T14:05:00","slug":"realidad-o-ficcion-un-alto-en-el-camino","status":"publish","type":"post","link":"https:\/\/ricardovicentelopez.com.ar\/?p=460","title":{"rendered":"\u00bfRealidad o ficci\u00f3n? \u2013 Un alto en el camino"},"content":{"rendered":"<p>\u201cLos personajes y hechos de esta historia son reales, cualquier parecido con historias o hechos de la Argentina es mera coincidencia\u201d.<\/p>\n<p>Una vez m\u00e1s, las reflexiones del Premio Nobel de Econom\u00eda 2008 Paul Krugman nos empujan a revisar nuestra realidad. Tal pareciera que la globalizaci\u00f3n, con sus pretensiones homogeneizantes, hace presente la repetida frase de Marx, aquello de que la historia se repite, aunque ahora pareciera que cambia de escenarios. Para avanzar en esta reflexi\u00f3n medio hist\u00f3rica, rozando la ciencia ficci\u00f3n, por momentos pareciendo tremenda realidad, propongo seguir el texto que nos ofrece Krugman. Lo m\u00e1s impactante es el t\u00edtulo de su nota que nos obliga a mirar hacia adentro de nuestra realidad: \u201cOtra vez la derecha republicana al acecho\u201d. Nosotros tenemos una derecha que no nos queda claro si es republicana, pero tambi\u00e9n tenemos unos republicanos que parecieran de derecha. Claro est\u00e1 que la utilizaci\u00f3n de estos conceptos (\u201cderecha\u201d, \u201crep\u00fablica\u201d) muta sus significados seg\u00fan la pista donde aterricen. Pero, a pesar de estas peque\u00f1as dificultades, concentr\u00e9monos en el texto:<br \/>\u00abLa \u00faltima vez que hubo un dem\u00f3crata en la Casa Blanca, enfrent\u00f3 una caza de brujas incesante de sus opositores pol\u00edticos. Destacadas figuras en la derecha acusaron a Bill e Hillary Clinton de todo, desde contrabando de drogas hasta asesinato. Y apenas tomaron el control del Congreso, los republicanos sometieron a la administraci\u00f3n Clinton a un acoso implacable, tomando en un momento 140 horas de declaraci\u00f3n bajo juramento por acusaciones de que la Casa Blanca hab\u00eda hecho un mal uso de su lista de tarjetas de Navidad. Ahora vuelve a ocurrir, s\u00f3lo que esta vez es a\u00fan peor\u00bb. Uno tiene una sensaci\u00f3n extra\u00f1a, algo as\u00ed como estar observando escenas parecidas, un d\u00e9j\u00e0 vu (en franc\u00e9s, &#8216;ya visto&#8217;) como dicen los psic\u00f3logos. Superemos la situaci\u00f3n y sigamos.<br \/>\u00abCedamos la palabra a Rush Limbaugh: \u201cEl Im\u00e1n Hussein Obama es probablemente el mejor presidente antiestadounidense que hemos tenido\u201d, declar\u00f3 hace poco. Para tener una idea de lo que implica que personas como Limbaugh hablen as\u00ed, no olvidemos que es una figura sumamente popular en el Partido Republicano. No olvidemos, tampoco, que a menos que algo cambie en la din\u00e1mica pol\u00edtica, los republicanos pronto controlar\u00e1n por lo menos una C\u00e1mara del Congreso. Esto ser\u00e1 muy, muy desagradable. Entonces, \u00bfde d\u00f3nde viene esa furia? \u00bfQu\u00e9 le har\u00e1 a Estados Unidos?\u00bb. A pesar de que uno intenta leer estas palabras con cierta distancia hay sensaciones nada f\u00e1cil de evitar.<br \/>\u00abLo que aprendimos de los a\u00f1os Clinton es que un n\u00famero significativo de estadounidenses sencillamente no considera leg\u00edtimos a los gobiernos progresistas, ni siquiera de progresistas muy moderados. La elecci\u00f3n de Obama habr\u00eda enfadado a esas personas aunque \u00e9l hubiera sido blanco. Por supuesto, el hecho de que no lo sea, y que tenga un nombre que suena extranjero, aumenta la furia\u2026 Wall Street se ha vuelto en contra de Obama con todo: el mes pasado Steve Schwarzman, el multimillonario presidente del Blackstone Group, el gigante privado de las acciones, compar\u00f3 las propuestas tendientes a poner fin a las lagunas fiscales para los gerentes de fondos de inversi\u00f3n con la invasi\u00f3n nazi de Polonia\u00bb. Suena como si se estuviera leyendo declaraciones de una tal Carri\u00f3, aunque no s\u00f3lo de ella\u2026<br \/>\u00abY fuerzas poderosas fomentan y aprovechan esta furia. El nuevo art\u00edculo de Jane Mayer en The New Yorker sobre los s\u00faper-ricos hermanos Koch y su guerra contra Obama gener\u00f3 una atenci\u00f3n m\u00e1s que justificada, pero como se\u00f1ala la propia Mayer, s\u00f3lo la escala de su iniciativa es nueva: multimillonarios como Richard Mellon Scaife libraron una guerra similar contra Bill Clinton. Mientras tanto, los medios de derecha est\u00e1n volviendo a pasar sus mayores \u00e9xitos. En los \u201990, Limbaugh utilizaba indirectas para alimentar la mitolog\u00eda anti-Clinton, sobre todo la insinuaci\u00f3n de que Hillary era c\u00f3mplice en la muerte de Vince Foster. Ahora, como vemos, est\u00e1 haciendo todo lo posible por insinuar que Obama es musulm\u00e1n\u00bb. Est\u00e1 bien, pero no exageremos con las comparaciones, siempre ha habido una oposici\u00f3n que critica, y lo hace como puede\u2026<br \/>Miremos la pregunta que se le ocurre hacer al premio Nobel: \u00abY en medio de todo esto, \u00bfd\u00f3nde est\u00e1n los republicanos responsables, los dirigentes que salgan a decir que algunos simpatizantes est\u00e1n yendo demasiado lejos? No aparecen por ninguna parte. Entonces, \u00bfqu\u00e9 pasar\u00e1 si, como se supone, los republicanos ganan el control de la C\u00e1mara? Ya conocemos parte de la respuesta. Ser\u00e1 una situaci\u00f3n desagradable y peligrosa tambi\u00e9n\u00bb. Los a\u00f1os \u201890 no fueron una maravilla para nosotros, aunque hubo algunos que juntaron el dinero como si cayera del cielo. Despu\u00e9s del 2001 comenz\u00f3 una etapa de superaci\u00f3n de una crisis que nos coloc\u00f3 al borde del precipicio, no debemos olvidarlo. Sin embargo, como dice Krugman: \u00abseguimos sufriendo las secuelas de la peor crisis econ\u00f3mica desde los 30 y no podemos darnos el lujo de tener un Estado paralizado por una oposici\u00f3n sin ning\u00fan inter\u00e9s en ayudar al presidente a gobernar. Pero eso es lo que probablemente tengamos\u00bb. Me viene a la memoria una frase de una vieja serie de televisi\u00f3n. \u201c\u00bfQu\u00e9 no es posible?&#8230; Todo es posible en la dimensi\u00f3n desconocida\u201d<\/p>\n","protected":false},"excerpt":{"rendered":"<p>\u201cLos personajes y hechos de esta historia son reales, cualquier parecido con historias o hechos de la Argentina es mera coincidencia\u201d. Una vez m\u00e1s, las reflexiones del Premio Nobel de Econom\u00eda 2008 Paul Krugman nos empujan a revisar nuestra realidad. Tal pareciera que la globalizaci\u00f3n, con sus pretensiones homogeneizantes, hace presente la repetida frase de [&hellip;]<\/p>\n","protected":false},"author":1,"featured_media":0,"comment_status":"open","ping_status":"open","sticky":false,"template":"","format":"standard","meta":{"footnotes":""},"categories":[1],"tags":[],"class_list":["post-460","post","type-post","status-publish","format-standard","hentry","category-sin-categoria"],"_links":{"self":[{"href":"https:\/\/ricardovicentelopez.com.ar\/index.php?rest_route=\/wp\/v2\/posts\/460","targetHints":{"allow":["GET"]}}],"collection":[{"href":"https:\/\/ricardovicentelopez.com.ar\/index.php?rest_route=\/wp\/v2\/posts"}],"about":[{"href":"https:\/\/ricardovicentelopez.com.ar\/index.php?rest_route=\/wp\/v2\/types\/post"}],"author":[{"embeddable":true,"href":"https:\/\/ricardovicentelopez.com.ar\/index.php?rest_route=\/wp\/v2\/users\/1"}],"replies":[{"embeddable":true,"href":"https:\/\/ricardovicentelopez.com.ar\/index.php?rest_route=%2Fwp%2Fv2%2Fcomments&post=460"}],"version-history":[{"count":0,"href":"https:\/\/ricardovicentelopez.com.ar\/index.php?rest_route=\/wp\/v2\/posts\/460\/revisions"}],"wp:attachment":[{"href":"https:\/\/ricardovicentelopez.com.ar\/index.php?rest_route=%2Fwp%2Fv2%2Fmedia&parent=460"}],"wp:term":[{"taxonomy":"category","embeddable":true,"href":"https:\/\/ricardovicentelopez.com.ar\/index.php?rest_route=%2Fwp%2Fv2%2Fcategories&post=460"},{"taxonomy":"post_tag","embeddable":true,"href":"https:\/\/ricardovicentelopez.com.ar\/index.php?rest_route=%2Fwp%2Fv2%2Ftags&post=460"}],"curies":[{"name":"wp","href":"https:\/\/api.w.org\/{rel}","templated":true}]}}