{"id":452,"date":"2010-09-29T12:55:00","date_gmt":"2010-09-29T12:55:00","guid":{"rendered":"http:\/\/ricardovicentelopez.com.ar\/?p=452"},"modified":"2015-03-21T14:05:00","modified_gmt":"2015-03-21T14:05:00","slug":"no-es-inevitable-pero-no-es-sencillo-i","status":"publish","type":"post","link":"https:\/\/ricardovicentelopez.com.ar\/?p=452","title":{"rendered":"No es inevitable pero no es sencillo I"},"content":{"rendered":"<p>Alg\u00fan lector, un tanto sobrecargado por tanta denuncia sobre el capitalismo, y con no poco aburrimiento, puede estar esperando que le alcance alguna reflexi\u00f3n sobre las salidas tentativas que el estado de cosas actual pueda ofrecer. Debo decir que algo ya he intentado decir en el trabajo \u201cArgentina es lo que somos\u201d (en la p\u00e1gina ricardovicentelopez.com). No creo que sea suficiente, pero es necesario tomar nota de que estamos inmersos en una crisis en pleno proceso de cuya soluci\u00f3n, si se la encuentra, apenas podemos atisbar algo. Sin embargo, no debe escapar a todo aquel, preocupado por el tema, que somos todos actores de ese proceso, no meros espectadores o pacientes, y que uno de los pasos imprescindibles es la conciencia del problema y un diagn\u00f3stico lo m\u00e1s aproximado posible. La capacidad de distracci\u00f3n que los poderosos del sistema ejercen sobre la poblaci\u00f3n global es de una dimensi\u00f3n sin precedentes. Toda la capacidad cient\u00edfica y tecnol\u00f3gica de que disponen est\u00e1 en uso, y son los grandes medios de comunicaci\u00f3n (como tantas veces se ha dicho desde este blog) los encargados de su publicitaci\u00f3n. <br \/>Estoy haciendo referencia a lo que ha sido denominado el \u201cpensamiento \u00fanico\u201d que en los medios de expresa como el \u201cdiscurso \u00fanico\u201d. La poca eficacia de un contra-discurso (como este blog y tantos otros y la mucha informaci\u00f3n alternativa que circula) no es suficiente para derrotarlo pero es imprescindible para que aparezca haya voces que mantengan una defensa inclaudicable. Desde estos intentos debemos mantener un di\u00e1logo-debate que proponga diversos modos de entender el curso que ha adoptado la fuerza dominante del poder mundial concentrado. No significa esto que exista un poder \u00fanico, por el contrario hay un escenario con diversos actores, pero todos ellos aspiran a lo mismo: la dominaci\u00f3n del resto de los pueblos.<br \/>Por ello, la insistencia en caracterizar y denunciar los planes, maniobras, acciones, analizar sus consecuencias pasadas, actuales o futuras, es la parte de esa tarea de resistencia en la que deben involucrarse el mayor n\u00famero de ciudadanos del mundo con vocaci\u00f3n de libertad e igualdad para todos.<br \/>De all\u00ed que las series de notas que he ido publicando deben ser entendidas dentro de esa tarea, y en esta \u00faltima etapa me he concentrado en la descripci\u00f3n, an\u00e1lisis y denuncias sobre c\u00f3mo opera hoy en el mundo globalizado el \u201cfamoso\u201d mercado. C\u00f3mo ese abstracto mecanismo decide e impone su voluntad a los responsables de las decisiones pol\u00edticas y econ\u00f3micas que definen y determinan el curso de los acontecimientos. Dentro de la gravedad de la situaci\u00f3n internacional algo debe ser rescatado respecto de tiempos pasados: hoy empieza a quedar claro d\u00f3nde est\u00e1 el verdadero poder. \u00abEn los \u00faltimos tiempos se est\u00e1 haciendo cada vez m\u00e1s evidente que los poderes financieros imponen su voluntad sobre la de los representativos, impidiendo que \u00e9stos lleven a cabo lo que le hab\u00edan ofrecido a los ciudadanos en sus programas electorales\u00bb afirma el catedr\u00e1tico de econom\u00eda aplicada en la Universidad de Sevilla,  Juan Torres L\u00f3pez. <br \/>Este profesor, haciendo referencia a las declaraciones de un pol\u00edtico espa\u00f1ol que denunciaba \u00abque se estaba produciendo \u00abterrorismo financiero\u00bb y que estamos viviendo en una \u201cdictadura de los mercados\u201d, dec\u00eda que: \u00abEs normal y acertado que se digan este tipo de cosas porque a medida que ha ido desarroll\u00e1ndose la crisis se ha comprobado sin dificultad que ni los gobiernos socialdem\u00f3cratas como el espa\u00f1ol ni los m\u00e1s conservadores como el franc\u00e9s o el alem\u00e1n o ni siquiera el presidente de Estados Unidos que se considera el m\u00e1s poderoso del mundo pueden aplicar las medidas que inicialmente proponen. Los Bancos y los grandes financieros han conseguido salir a flote del desastre econ\u00f3mico que han provocado frenando cualquier tipo de reformas por m\u00ednimas que haya sido. Basta comprobar las sucesivas declaraciones finales de las cumbres del G-20 para comprobar que no se ha llevado a cabo ni una sola de sus propias propuestas o promesas\u00bb. Ante lo cual no quedan dudas que las tan mencionadas \u201cinstituciones republicanas\u201d no est\u00e1n en capacidad de afrontar la crisis con las medidas necesarias para defender a todos, no s\u00f3lo a los poderosos.<br \/>\u00abLos Bancos no s\u00f3lo han impedido que se le pidan responsabilidades por su conducta irresponsable (y delictiva en algunos casos) que dio lugar a la crisis, salvo en algunos casos singulares y en forma de multas que no impiden que hayan vuelto a tener incre\u00edbles beneficios. Han frenado la reforma de los mercados financieros que siguen funcionando bajo normas orientadas simplemente a permitir que las actividades  especulativas de los financieros proporcionen ganancias m\u00e1s f\u00e1cilmente; han impedido que se establezca cualquier nuevo tipo de control para evitar la acumulaci\u00f3n ingente de riesgo que sus actividades conllevan\u00bb. No es poco decir y agrega: \u00abPor supuesto, no est\u00e1n dispuestos a consentir que se establezcan impuestos o tasas sobre las transacciones especulativas o ni siquiera sobre sus extraordinarios beneficios. Han evitado igualmente que desaparezcan los para\u00edsos fiscales o que se evite de una vez que los bancos sean quienes laven en sus oficinas el dinero de traficantes, proxenetas, terroristas y criminales de todo tipo. Y todo eso, a pesar de que despu\u00e9s de haber recibido incalculables sumas de dinero en ayudas de todo tipo siguen sin proporcionar a empresarios y consumidores el cr\u00e9dito que necesitan para reactivar la econom\u00eda\u00bb.<br \/>Para nosotros, argentinos, que hemos padecido las pol\u00edticas neoliberales y hemos protagonizado la cat\u00e1strofe econ\u00f3mica y financiera de 2001-02 no nos puede dejar m\u00e1s que at\u00f3nitos ver a la vieja Europa intentar por esos mismos caminos pretender salir del pantano en que est\u00e1n metidos. Sorprende la miop\u00eda.<\/p>\n","protected":false},"excerpt":{"rendered":"<p>Alg\u00fan lector, un tanto sobrecargado por tanta denuncia sobre el capitalismo, y con no poco aburrimiento, puede estar esperando que le alcance alguna reflexi\u00f3n sobre las salidas tentativas que el estado de cosas actual pueda ofrecer. Debo decir que algo ya he intentado decir en el trabajo \u201cArgentina es lo que somos\u201d (en la p\u00e1gina [&hellip;]<\/p>\n","protected":false},"author":1,"featured_media":0,"comment_status":"open","ping_status":"open","sticky":false,"template":"","format":"standard","meta":{"footnotes":""},"categories":[1],"tags":[],"class_list":["post-452","post","type-post","status-publish","format-standard","hentry","category-sin-categoria"],"_links":{"self":[{"href":"https:\/\/ricardovicentelopez.com.ar\/index.php?rest_route=\/wp\/v2\/posts\/452","targetHints":{"allow":["GET"]}}],"collection":[{"href":"https:\/\/ricardovicentelopez.com.ar\/index.php?rest_route=\/wp\/v2\/posts"}],"about":[{"href":"https:\/\/ricardovicentelopez.com.ar\/index.php?rest_route=\/wp\/v2\/types\/post"}],"author":[{"embeddable":true,"href":"https:\/\/ricardovicentelopez.com.ar\/index.php?rest_route=\/wp\/v2\/users\/1"}],"replies":[{"embeddable":true,"href":"https:\/\/ricardovicentelopez.com.ar\/index.php?rest_route=%2Fwp%2Fv2%2Fcomments&post=452"}],"version-history":[{"count":0,"href":"https:\/\/ricardovicentelopez.com.ar\/index.php?rest_route=\/wp\/v2\/posts\/452\/revisions"}],"wp:attachment":[{"href":"https:\/\/ricardovicentelopez.com.ar\/index.php?rest_route=%2Fwp%2Fv2%2Fmedia&parent=452"}],"wp:term":[{"taxonomy":"category","embeddable":true,"href":"https:\/\/ricardovicentelopez.com.ar\/index.php?rest_route=%2Fwp%2Fv2%2Fcategories&post=452"},{"taxonomy":"post_tag","embeddable":true,"href":"https:\/\/ricardovicentelopez.com.ar\/index.php?rest_route=%2Fwp%2Fv2%2Ftags&post=452"}],"curies":[{"name":"wp","href":"https:\/\/api.w.org\/{rel}","templated":true}]}}